{"id":5276,"date":"1406-12-14T19:26:28","date_gmt":"1406-12-14T19:41:12","guid":{"rendered":"https:\/\/www.canimas.eu\/los-comites-de-etica-asistencial\/"},"modified":"1406-12-14T19:26:28","modified_gmt":"1406-12-14T18:26:28","slug":"los-comites-de-etica-asistencial","status":"publish","type":"post","link":"https:\/\/canimas.eu\/es\/los-comites-de-etica-asistencial\/","title":{"rendered":"Los comit\u00e9s de \u00e9tica asistencial"},"content":{"rendered":"<p><em>Jornada sobre els conflictes \u00e8tics i legals en els processos de peritatge<\/em>. Organizado por la Escuela de Polic\u00eda de Catalunya (EPC) y el Centro de Estudios Jur\u00eddicos y Formaci\u00f3n Especializada. Mollet del Vall\u00e8s, 14 de diciembre de 2006.<\/p>\n","protected":false},"excerpt":{"rendered":"<p><em>Jornada sobre els conflictes \u00e8tics i legals en els processos de peritatge<\/em>. Organizado por la Escuela de Polic\u00eda de Catalunya (EPC) y el Centro de Estudios Jur\u00eddicos y Formaci\u00f3n Especializada. Mollet del Vall\u00e8s, 14 de diciembre de 2006.<\/p>\n","protected":false},"author":8,"featured_media":0,"comment_status":"open","ping_status":"open","sticky":false,"template":"","format":"standard","meta":{"_acf_changed":false,"footnotes":""},"categories":[179],"tags":[],"ambit":[],"tema":[],"class_list":["post-5276","post","type-post","status-publish","format-standard","hentry","category-conferencies"],"acf":[],"_links":{"self":[{"href":"https:\/\/canimas.eu\/es\/wp-json\/wp\/v2\/posts\/5276","targetHints":{"allow":["GET"]}}],"collection":[{"href":"https:\/\/canimas.eu\/es\/wp-json\/wp\/v2\/posts"}],"about":[{"href":"https:\/\/canimas.eu\/es\/wp-json\/wp\/v2\/types\/post"}],"author":[{"embeddable":true,"href":"https:\/\/canimas.eu\/es\/wp-json\/wp\/v2\/users\/8"}],"replies":[{"embeddable":true,"href":"https:\/\/canimas.eu\/es\/wp-json\/wp\/v2\/comments?post=5276"}],"version-history":[{"count":0,"href":"https:\/\/canimas.eu\/es\/wp-json\/wp\/v2\/posts\/5276\/revisions"}],"wp:attachment":[{"href":"https:\/\/canimas.eu\/es\/wp-json\/wp\/v2\/media?parent=5276"}],"wp:term":[{"taxonomy":"category","embeddable":true,"href":"https:\/\/canimas.eu\/es\/wp-json\/wp\/v2\/categories?post=5276"},{"taxonomy":"post_tag","embeddable":true,"href":"https:\/\/canimas.eu\/es\/wp-json\/wp\/v2\/tags?post=5276"},{"taxonomy":"ambit","embeddable":true,"href":"https:\/\/canimas.eu\/es\/wp-json\/wp\/v2\/ambit?post=5276"},{"taxonomy":"tema","embeddable":true,"href":"https:\/\/canimas.eu\/es\/wp-json\/wp\/v2\/tema?post=5276"}],"curies":[{"name":"wp","href":"https:\/\/api.w.org\/{rel}","templated":true}]}}