{"id":5309,"date":"1416-09-05T20:58:56","date_gmt":"1416-09-05T21:13:40","guid":{"rendered":"https:\/\/www.canimas.eu\/la-gestion-del-dano-y-del-riesgo-en-las-funciones-de-cuidado-de-personas-con-diversidad-funcional-intelectual\/"},"modified":"1416-09-05T20:58:56","modified_gmt":"1416-09-05T19:58:56","slug":"la-gestion-del-dano-y-del-riesgo-en-las-funciones-de-cuidado-de-personas-con-diversidad-funcional-intelectual","status":"publish","type":"post","link":"https:\/\/canimas.eu\/es\/la-gestion-del-dano-y-del-riesgo-en-las-funciones-de-cuidado-de-personas-con-diversidad-funcional-intelectual\/","title":{"rendered":"La gesti\u00f3n del da\u00f1o y del riesgo en las funciones de cuidado de personas con diversidad funcional intelectual"},"content":{"rendered":"<div class=\"wpb-content-wrapper\"><p>[vc_row][vc_column][vc_custom_heading source=\u00bbpost_title\u00bb font_container=\u00bbtag:h3|font_size:18px|text_align:left\u00bb use_theme_fonts=\u00bbyes\u00bb el_class=\u00bbtitol-post-custom\u00bb][\/vc_column][\/vc_row][vc_row][vc_column][vc_btn title=\u00bbVISUALITZA EL PROGRAMA DE LA PON\u00c8NCIA\u00bb style=\u00bboutline-custom\u00bb outline_custom_color=\u00bb#000000&#8243; outline_custom_hover_background=\u00bb#ffffff\u00bb outline_custom_hover_text=\u00bb#d80044&#8243; shape=\u00bbsquare\u00bb size=\u00bbxs\u00bb align=\u00bbleft\u00bb link=\u00bburl:http%3A%2F%2Feticapractica-granada2016.weebly.com%2Fprograma.html|title:programa|target:%20_blank|\u00bb el_class=\u00bbboto-recerques-actuals\u00bb][\/vc_column][\/vc_row]<\/p>\n<\/div>","protected":false},"excerpt":{"rendered":"<p>III Seminario de \u00e9ticas pr\u00e1cticas en Espa\u00f1a. Universidad de Granada, Universitat Aut\u00f2noma de Barcelona, Universitat de Salamanca, Universidad de La Laguna, Centro Superior de Investigaciones Cient\u00edficas, Ministerio de Econom\u00eda y Competitividad y Fundaci\u00f3n Ana D\u00edaz Medina. Granada, 5 i 6 de setembre de 2016.<\/p>\n","protected":false},"author":8,"featured_media":9569,"comment_status":"closed","ping_status":"closed","sticky":false,"template":"","format":"standard","meta":{"_acf_changed":false,"footnotes":""},"categories":[],"tags":[],"ambit":[655,651],"tema":[642,643],"class_list":["post-5309","post","type-post","status-publish","format-standard","has-post-thumbnail","hentry","ambit-diversidad-funcional","ambit-salud-mental","tema-intimidad","tema-libertad"],"acf":[],"_links":{"self":[{"href":"https:\/\/canimas.eu\/es\/wp-json\/wp\/v2\/posts\/5309","targetHints":{"allow":["GET"]}}],"collection":[{"href":"https:\/\/canimas.eu\/es\/wp-json\/wp\/v2\/posts"}],"about":[{"href":"https:\/\/canimas.eu\/es\/wp-json\/wp\/v2\/types\/post"}],"author":[{"embeddable":true,"href":"https:\/\/canimas.eu\/es\/wp-json\/wp\/v2\/users\/8"}],"replies":[{"embeddable":true,"href":"https:\/\/canimas.eu\/es\/wp-json\/wp\/v2\/comments?post=5309"}],"version-history":[{"count":0,"href":"https:\/\/canimas.eu\/es\/wp-json\/wp\/v2\/posts\/5309\/revisions"}],"wp:featuredmedia":[{"embeddable":true,"href":"https:\/\/canimas.eu\/es\/wp-json\/wp\/v2\/media\/9569"}],"wp:attachment":[{"href":"https:\/\/canimas.eu\/es\/wp-json\/wp\/v2\/media?parent=5309"}],"wp:term":[{"taxonomy":"category","embeddable":true,"href":"https:\/\/canimas.eu\/es\/wp-json\/wp\/v2\/categories?post=5309"},{"taxonomy":"post_tag","embeddable":true,"href":"https:\/\/canimas.eu\/es\/wp-json\/wp\/v2\/tags?post=5309"},{"taxonomy":"ambit","embeddable":true,"href":"https:\/\/canimas.eu\/es\/wp-json\/wp\/v2\/ambit?post=5309"},{"taxonomy":"tema","embeddable":true,"href":"https:\/\/canimas.eu\/es\/wp-json\/wp\/v2\/tema?post=5309"}],"curies":[{"name":"wp","href":"https:\/\/api.w.org\/{rel}","templated":true}]}}