{"id":5325,"date":"1416-11-11T18:38:13","date_gmt":"1416-11-11T18:52:57","guid":{"rendered":"https:\/\/www.canimas.eu\/conflictos-eticos-en-la-intervencion-social-con-la-infancia-y-sus-familias\/"},"modified":"1416-11-11T18:38:13","modified_gmt":"1416-11-11T17:38:13","slug":"conflictos-eticos-en-la-intervencion-social-con-la-infancia-y-sus-familias","status":"publish","type":"post","link":"https:\/\/canimas.eu\/es\/conflictos-eticos-en-la-intervencion-social-con-la-infancia-y-sus-familias\/","title":{"rendered":"Conflictos \u00e9ticos en la intervenci\u00f3n social con la inf\u00e0ncia y sus familias"},"content":{"rendered":"","protected":false},"excerpt":{"rendered":"<p>Jornada del Gobierno de Navarra: <a href=\"http:\/\/gurasotasuna.blog.euskadi.eus\/wp-content\/uploads\/2016\/11\/Folleto_Jornada_Servicios-para-la-infancia-vulnerable.pdf\" target=\"_blank\" rel=\"noopener noreferrer\"><em>Servicios para la infancia vulnerable. Buenas pr\u00e1cticas e innovaci\u00f3n<\/em><\/a>. Pamplona, 11 de novembre de 2016.<\/p>\n","protected":false},"author":8,"featured_media":9571,"comment_status":"closed","ping_status":"closed","sticky":false,"template":"","format":"standard","meta":{"_acf_changed":false,"footnotes":""},"categories":[475],"tags":[],"ambit":[652],"tema":[649],"class_list":["post-5325","post","type-post","status-publish","format-standard","has-post-thumbnail","hentry","category-mesa-redonda","ambit-infancia-adolescencia-juventud","tema-etica-general-es"],"acf":[],"_links":{"self":[{"href":"https:\/\/canimas.eu\/es\/wp-json\/wp\/v2\/posts\/5325","targetHints":{"allow":["GET"]}}],"collection":[{"href":"https:\/\/canimas.eu\/es\/wp-json\/wp\/v2\/posts"}],"about":[{"href":"https:\/\/canimas.eu\/es\/wp-json\/wp\/v2\/types\/post"}],"author":[{"embeddable":true,"href":"https:\/\/canimas.eu\/es\/wp-json\/wp\/v2\/users\/8"}],"replies":[{"embeddable":true,"href":"https:\/\/canimas.eu\/es\/wp-json\/wp\/v2\/comments?post=5325"}],"version-history":[{"count":0,"href":"https:\/\/canimas.eu\/es\/wp-json\/wp\/v2\/posts\/5325\/revisions"}],"wp:featuredmedia":[{"embeddable":true,"href":"https:\/\/canimas.eu\/es\/wp-json\/wp\/v2\/media\/9571"}],"wp:attachment":[{"href":"https:\/\/canimas.eu\/es\/wp-json\/wp\/v2\/media?parent=5325"}],"wp:term":[{"taxonomy":"category","embeddable":true,"href":"https:\/\/canimas.eu\/es\/wp-json\/wp\/v2\/categories?post=5325"},{"taxonomy":"post_tag","embeddable":true,"href":"https:\/\/canimas.eu\/es\/wp-json\/wp\/v2\/tags?post=5325"},{"taxonomy":"ambit","embeddable":true,"href":"https:\/\/canimas.eu\/es\/wp-json\/wp\/v2\/ambit?post=5325"},{"taxonomy":"tema","embeddable":true,"href":"https:\/\/canimas.eu\/es\/wp-json\/wp\/v2\/tema?post=5325"}],"curies":[{"name":"wp","href":"https:\/\/api.w.org\/{rel}","templated":true}]}}