{"id":5338,"date":"1416-11-25T16:40:23","date_gmt":"1416-11-25T16:55:07","guid":{"rendered":"https:\/\/www.canimas.eu\/la-intimidad\/"},"modified":"1416-11-25T16:40:23","modified_gmt":"1416-11-25T15:40:23","slug":"la-intimidad","status":"publish","type":"post","link":"https:\/\/canimas.eu\/es\/la-intimidad\/","title":{"rendered":"La intimidad"},"content":{"rendered":"<div class=\"wpb-content-wrapper\"><p>[vc_row][vc_column][vc_column_text]Conferencia en la \u00ab<a href=\"http:\/\/montsacopa.com\/jornada-sobre-afectivitat-i-sexualitat-en-gent-gran-en-lentorn-residencial\/\" target=\"_blank\" rel=\"noopener\">III Trobada d&#8217;ERESS: Afectivitat i sexualitat en gent gran en l&#8217;entorn residencial<\/a>\u00bb organizada por el Comit\u00e9 de \u00c9tica Aplicada de la residencia de Llar Fundaci\u00f3, la Torrassa y Montsacopa. Montsacopa (Olot), 25 de noviembre de 2016.[\/vc_column_text][\/vc_column][\/vc_row]<\/p>\n<\/div>","protected":false},"excerpt":{"rendered":"<p>Conferencia en la \u00ab<a href=\"http:\/\/montsacopa.com\/jornada-sobre-afectivitat-i-sexualitat-en-gent-gran-en-lentorn-residencial\/\" target=\"_blank\" rel=\"noopener\">III Trobada d&#8217;ERESS: Afectivitat i sexualitat en gent gran en l&#8217;entorn residencial<\/a>\u00bb organizada por el Comit\u00e9 de \u00c9tica Aplicada de la residencia de Llar Fundaci\u00f3, la Torrassa y Montsacopa. Montsacopa (Olot), 25 de noviembre de 2016.<\/p>\n","protected":false},"author":8,"featured_media":0,"comment_status":"closed","ping_status":"closed","sticky":false,"template":"","format":"standard","meta":{"_acf_changed":false,"footnotes":""},"categories":[431],"tags":[],"ambit":[],"tema":[],"class_list":["post-5338","post","type-post","status-publish","format-standard","hentry","category-conferencia"],"acf":[],"_links":{"self":[{"href":"https:\/\/canimas.eu\/es\/wp-json\/wp\/v2\/posts\/5338","targetHints":{"allow":["GET"]}}],"collection":[{"href":"https:\/\/canimas.eu\/es\/wp-json\/wp\/v2\/posts"}],"about":[{"href":"https:\/\/canimas.eu\/es\/wp-json\/wp\/v2\/types\/post"}],"author":[{"embeddable":true,"href":"https:\/\/canimas.eu\/es\/wp-json\/wp\/v2\/users\/8"}],"replies":[{"embeddable":true,"href":"https:\/\/canimas.eu\/es\/wp-json\/wp\/v2\/comments?post=5338"}],"version-history":[{"count":0,"href":"https:\/\/canimas.eu\/es\/wp-json\/wp\/v2\/posts\/5338\/revisions"}],"wp:attachment":[{"href":"https:\/\/canimas.eu\/es\/wp-json\/wp\/v2\/media?parent=5338"}],"wp:term":[{"taxonomy":"category","embeddable":true,"href":"https:\/\/canimas.eu\/es\/wp-json\/wp\/v2\/categories?post=5338"},{"taxonomy":"post_tag","embeddable":true,"href":"https:\/\/canimas.eu\/es\/wp-json\/wp\/v2\/tags?post=5338"},{"taxonomy":"ambit","embeddable":true,"href":"https:\/\/canimas.eu\/es\/wp-json\/wp\/v2\/ambit?post=5338"},{"taxonomy":"tema","embeddable":true,"href":"https:\/\/canimas.eu\/es\/wp-json\/wp\/v2\/tema?post=5338"}],"curies":[{"name":"wp","href":"https:\/\/api.w.org\/{rel}","templated":true}]}}