{"id":5369,"date":"1417-04-05T16:23:49","date_gmt":"1417-04-05T16:38:33","guid":{"rendered":"https:\/\/www.canimas.eu\/i-cura-va-crear-a-humus-inaguracion-de-la-exposicion-retrats-dacollida-una-aproximacio-des-de-letnografia-visual-vers-els-educadors-i-cuidadors-de-la-fundacio-pere-mitjans\/"},"modified":"1417-04-05T16:23:49","modified_gmt":"1417-04-05T15:23:49","slug":"i-cura-va-crear-a-humus-inaguracion-de-la-exposicion-retrats-dacollida-una-aproximacio-des-de-letnografia-visual-vers-els-educadors-i-cuidadors-de-la-fundacio-pere-mitjans","status":"publish","type":"post","link":"https:\/\/canimas.eu\/es\/i-cura-va-crear-a-humus-inaguracion-de-la-exposicion-retrats-dacollida-una-aproximacio-des-de-letnografia-visual-vers-els-educadors-i-cuidadors-de-la-fundacio-pere-mitjans\/","title":{"rendered":"I Cura va crear a Humus. Inaguraci\u00f3n de la exposici\u00f3n Retrats d&#8217;acollida. Una aproximaci\u00f3 des de l&#8217;etnografia visual vers els educadors i cuidadors de la Fundaci\u00f3 Pere Mitjans"},"content":{"rendered":"<div class=\"wpb-content-wrapper\"><p>[vc_row][vc_column][vc_column_text]Presentaci\u00f3n de la <a href=\"https:\/\/personesincloents.wordpress.com\/category\/benvinguda\/\" target=\"_blank\" rel=\"noopener noreferrer\">exposici\u00f3n fotogr\u00e1fica \u00abRetrats d&#8217;acollida\u00bb<\/a>\u00a0en la Sala Noble del Convent de Sant Agust\u00ed de Barcelona. Del 5 al 20 de abril de 2017.[\/vc_column_text][\/vc_column][\/vc_row]<\/p>\n<\/div>","protected":false},"excerpt":{"rendered":"<p>Presentaci\u00f3n de la <a href=\"https:\/\/personesincloents.wordpress.com\/category\/benvinguda\/\" target=\"_blank\" rel=\"noopener noreferrer\">exposici\u00f3n fotogr\u00e1fica \u00abRetrats d&#8217;acollida\u00bb<\/a>\u00a0en la Sala Noble del Convent de Sant Agust\u00ed de Barcelona. Del 5 al 20 de abril de 2017.<\/p>\n","protected":false},"author":8,"featured_media":0,"comment_status":"closed","ping_status":"closed","sticky":false,"template":"","format":"standard","meta":{"_acf_changed":false,"footnotes":""},"categories":[431],"tags":[],"ambit":[655],"tema":[640],"class_list":["post-5369","post","type-post","status-publish","format-standard","hentry","category-conferencia","ambit-diversidad-funcional","tema-hospitalidad-buen-trato-cuidado"],"acf":[],"_links":{"self":[{"href":"https:\/\/canimas.eu\/es\/wp-json\/wp\/v2\/posts\/5369","targetHints":{"allow":["GET"]}}],"collection":[{"href":"https:\/\/canimas.eu\/es\/wp-json\/wp\/v2\/posts"}],"about":[{"href":"https:\/\/canimas.eu\/es\/wp-json\/wp\/v2\/types\/post"}],"author":[{"embeddable":true,"href":"https:\/\/canimas.eu\/es\/wp-json\/wp\/v2\/users\/8"}],"replies":[{"embeddable":true,"href":"https:\/\/canimas.eu\/es\/wp-json\/wp\/v2\/comments?post=5369"}],"version-history":[{"count":0,"href":"https:\/\/canimas.eu\/es\/wp-json\/wp\/v2\/posts\/5369\/revisions"}],"wp:attachment":[{"href":"https:\/\/canimas.eu\/es\/wp-json\/wp\/v2\/media?parent=5369"}],"wp:term":[{"taxonomy":"category","embeddable":true,"href":"https:\/\/canimas.eu\/es\/wp-json\/wp\/v2\/categories?post=5369"},{"taxonomy":"post_tag","embeddable":true,"href":"https:\/\/canimas.eu\/es\/wp-json\/wp\/v2\/tags?post=5369"},{"taxonomy":"ambit","embeddable":true,"href":"https:\/\/canimas.eu\/es\/wp-json\/wp\/v2\/ambit?post=5369"},{"taxonomy":"tema","embeddable":true,"href":"https:\/\/canimas.eu\/es\/wp-json\/wp\/v2\/tema?post=5369"}],"curies":[{"name":"wp","href":"https:\/\/api.w.org\/{rel}","templated":true}]}}