{"id":5394,"date":"1417-07-06T09:10:22","date_gmt":"1417-07-06T09:25:06","guid":{"rendered":"https:\/\/www.canimas.eu\/impactos-eticos-para-los-profesionales-ante-la-atencion-integrada\/"},"modified":"1417-07-06T09:10:22","modified_gmt":"1417-07-06T08:10:22","slug":"impactos-eticos-para-los-profesionales-ante-la-atencion-integrada","status":"publish","type":"post","link":"https:\/\/canimas.eu\/es\/impactos-eticos-para-los-profesionales-ante-la-atencion-integrada\/","title":{"rendered":"Impactos \u00e9ticos para los profesionales ante la atenci\u00f3n integrada"},"content":{"rendered":"<div class=\"wpb-content-wrapper\"><p>[vc_row][vc_column][vc_column_text]Conferencia en el <a href=\"http:\/\/inclusio.cat\/\" target=\"_blank\" rel=\"noopener\">\u00abI Congreso de la Acci\u00f3n Social &#8211; Inclusi\u00f3.cat. Atenci\u00f3n integrada social y sanitaria des de los servicios sociales\u00bb<\/a> organizado por la Universidad de Vic. Vic, 6 de julio de 2017.[\/vc_column_text][\/vc_column][\/vc_row]<\/p>\n<\/div>","protected":false},"excerpt":{"rendered":"<p>Conferencia en el <a href=\"http:\/\/inclusio.cat\/\" target=\"_blank\" rel=\"noopener\">\u00abI Congreso de la Acci\u00f3n Social &#8211; Inclusi\u00f3.cat. Atenci\u00f3n integrada social y sanitaria des de los servicios sociales\u00bb<\/a> organizado por la Universidad de Vic. Vic, 6 de julio de 2017.<\/p>\n<p>&nbsp;<\/p>\n","protected":false},"author":8,"featured_media":0,"comment_status":"closed","ping_status":"closed","sticky":false,"template":"","format":"standard","meta":{"_acf_changed":false,"footnotes":""},"categories":[431],"tags":[454],"ambit":[],"tema":[649],"class_list":["post-5394","post","type-post","status-publish","format-standard","hentry","category-conferencia","tag-etica-general","tema-etica-general-es"],"acf":[],"_links":{"self":[{"href":"https:\/\/canimas.eu\/es\/wp-json\/wp\/v2\/posts\/5394","targetHints":{"allow":["GET"]}}],"collection":[{"href":"https:\/\/canimas.eu\/es\/wp-json\/wp\/v2\/posts"}],"about":[{"href":"https:\/\/canimas.eu\/es\/wp-json\/wp\/v2\/types\/post"}],"author":[{"embeddable":true,"href":"https:\/\/canimas.eu\/es\/wp-json\/wp\/v2\/users\/8"}],"replies":[{"embeddable":true,"href":"https:\/\/canimas.eu\/es\/wp-json\/wp\/v2\/comments?post=5394"}],"version-history":[{"count":0,"href":"https:\/\/canimas.eu\/es\/wp-json\/wp\/v2\/posts\/5394\/revisions"}],"wp:attachment":[{"href":"https:\/\/canimas.eu\/es\/wp-json\/wp\/v2\/media?parent=5394"}],"wp:term":[{"taxonomy":"category","embeddable":true,"href":"https:\/\/canimas.eu\/es\/wp-json\/wp\/v2\/categories?post=5394"},{"taxonomy":"post_tag","embeddable":true,"href":"https:\/\/canimas.eu\/es\/wp-json\/wp\/v2\/tags?post=5394"},{"taxonomy":"ambit","embeddable":true,"href":"https:\/\/canimas.eu\/es\/wp-json\/wp\/v2\/ambit?post=5394"},{"taxonomy":"tema","embeddable":true,"href":"https:\/\/canimas.eu\/es\/wp-json\/wp\/v2\/tema?post=5394"}],"curies":[{"name":"wp","href":"https:\/\/api.w.org\/{rel}","templated":true}]}}