{"id":5400,"date":"1417-10-05T09:44:38","date_gmt":"1417-10-05T09:59:22","guid":{"rendered":"https:\/\/www.canimas.eu\/etica-de-la-hospitalidad-de-la-bienvenida-al-cuidado-2\/"},"modified":"1417-10-05T09:44:38","modified_gmt":"1417-10-05T08:44:38","slug":"etica-de-la-hospitalidad-de-la-bienvenida-al-cuidado-2","status":"publish","type":"post","link":"https:\/\/canimas.eu\/es\/etica-de-la-hospitalidad-de-la-bienvenida-al-cuidado-2\/","title":{"rendered":"\u00c9tica de la hospitalidad: de la bienvenida al cuidado"},"content":{"rendered":"<div class=\"wpb-content-wrapper\"><p>[vc_row][vc_column][vc_column_text]Conferencia organizada por Serveis de Salut Integrats Baix Empord\u00e0 (SSIBE) en la Residencia y centro de d\u00eda de Sant Feliu de Gu\u00edxols de\u00a0Personas\u00a0Mayores. Sant Feliu de Gu\u00edxols, 5 de octubre de 2017.[\/vc_column_text][\/vc_column][\/vc_row]<\/p>\n<\/div>","protected":false},"excerpt":{"rendered":"<p>Conferencia organizada por Serveis de Salut Integrats Baix Empord\u00e0 (SSIBE) en la Residencia y centro de d\u00eda de Sant Feliu de Gu\u00edxols de\u00a0Personas\u00a0Mayores. Sant Feliu de Gu\u00edxols, 5 de octubre de 2017.<\/p>\n","protected":false},"author":8,"featured_media":0,"comment_status":"closed","ping_status":"closed","sticky":false,"template":"","format":"standard","meta":{"_acf_changed":false,"footnotes":""},"categories":[431],"tags":[],"ambit":[],"tema":[],"class_list":["post-5400","post","type-post","status-publish","format-standard","hentry","category-conferencia"],"acf":[],"_links":{"self":[{"href":"https:\/\/canimas.eu\/es\/wp-json\/wp\/v2\/posts\/5400","targetHints":{"allow":["GET"]}}],"collection":[{"href":"https:\/\/canimas.eu\/es\/wp-json\/wp\/v2\/posts"}],"about":[{"href":"https:\/\/canimas.eu\/es\/wp-json\/wp\/v2\/types\/post"}],"author":[{"embeddable":true,"href":"https:\/\/canimas.eu\/es\/wp-json\/wp\/v2\/users\/8"}],"replies":[{"embeddable":true,"href":"https:\/\/canimas.eu\/es\/wp-json\/wp\/v2\/comments?post=5400"}],"version-history":[{"count":0,"href":"https:\/\/canimas.eu\/es\/wp-json\/wp\/v2\/posts\/5400\/revisions"}],"wp:attachment":[{"href":"https:\/\/canimas.eu\/es\/wp-json\/wp\/v2\/media?parent=5400"}],"wp:term":[{"taxonomy":"category","embeddable":true,"href":"https:\/\/canimas.eu\/es\/wp-json\/wp\/v2\/categories?post=5400"},{"taxonomy":"post_tag","embeddable":true,"href":"https:\/\/canimas.eu\/es\/wp-json\/wp\/v2\/tags?post=5400"},{"taxonomy":"ambit","embeddable":true,"href":"https:\/\/canimas.eu\/es\/wp-json\/wp\/v2\/ambit?post=5400"},{"taxonomy":"tema","embeddable":true,"href":"https:\/\/canimas.eu\/es\/wp-json\/wp\/v2\/tema?post=5400"}],"curies":[{"name":"wp","href":"https:\/\/api.w.org\/{rel}","templated":true}]}}