{"id":5416,"date":"1417-11-24T11:30:01","date_gmt":"1417-11-24T11:44:45","guid":{"rendered":"https:\/\/www.canimas.eu\/puede-ser-etica-la-investigacion-medica\/"},"modified":"1417-11-24T11:30:01","modified_gmt":"1417-11-24T10:30:01","slug":"puede-ser-etica-la-investigacion-medica","status":"publish","type":"post","link":"https:\/\/canimas.eu\/es\/puede-ser-etica-la-investigacion-medica\/","title":{"rendered":"\u00bfPuede ser \u00e9tica la investigaci\u00f3n m\u00e9dica?"},"content":{"rendered":"<div class=\"wpb-content-wrapper\"><p>[vc_row][vc_column][vc_column_text]Conferencia en la \u00ab<a href=\"https:\/\/jornadacea.files.wordpress.com\/2017\/04\/programa-cea-girona2.pdf\">XII Jornada dels comit\u00e8s d&#8217;\u00e8tica de Catalunya<\/a>\u00bb\u00a0en el marco de la \u00ab<a href=\"https:\/\/jornadacea.wordpress.com\/\" target=\"_blank\" rel=\"noopener noreferrer\">Mesa 1: Mirada plural de los CEA hoy\u00bb<\/a>\u00a0en el Auditori Josep Irla. Girona, 24 de noviembre de 2017.[\/vc_column_text][\/vc_column][\/vc_row]<\/p>\n<\/div>","protected":false},"excerpt":{"rendered":"<p>Conferencia en la \u00ab<a href=\"https:\/\/jornadacea.files.wordpress.com\/2017\/04\/programa-cea-girona2.pdf\">XII Jornada dels comit\u00e8s d&#8217;\u00e8tica de Catalunya<\/a>\u00bb\u00a0en el marco de la \u00ab<a href=\"https:\/\/jornadacea.wordpress.com\/\" target=\"_blank\" rel=\"noopener noreferrer\">Mesa 1: Mirada plural de los CEA hoy\u00bb<\/a>\u00a0en el Auditori Josep Irla. Girona, 24 de noviembre de 2017.<\/p>\n","protected":false},"author":8,"featured_media":9576,"comment_status":"closed","ping_status":"closed","sticky":false,"template":"","format":"standard","meta":{"_acf_changed":false,"footnotes":""},"categories":[431],"tags":[],"ambit":[665],"tema":[646],"class_list":["post-5416","post","type-post","status-publish","format-standard","has-post-thumbnail","hentry","category-conferencia","ambit-interambito","tema-etica-de-la-investigacion"],"acf":[],"_links":{"self":[{"href":"https:\/\/canimas.eu\/es\/wp-json\/wp\/v2\/posts\/5416","targetHints":{"allow":["GET"]}}],"collection":[{"href":"https:\/\/canimas.eu\/es\/wp-json\/wp\/v2\/posts"}],"about":[{"href":"https:\/\/canimas.eu\/es\/wp-json\/wp\/v2\/types\/post"}],"author":[{"embeddable":true,"href":"https:\/\/canimas.eu\/es\/wp-json\/wp\/v2\/users\/8"}],"replies":[{"embeddable":true,"href":"https:\/\/canimas.eu\/es\/wp-json\/wp\/v2\/comments?post=5416"}],"version-history":[{"count":0,"href":"https:\/\/canimas.eu\/es\/wp-json\/wp\/v2\/posts\/5416\/revisions"}],"wp:featuredmedia":[{"embeddable":true,"href":"https:\/\/canimas.eu\/es\/wp-json\/wp\/v2\/media\/9576"}],"wp:attachment":[{"href":"https:\/\/canimas.eu\/es\/wp-json\/wp\/v2\/media?parent=5416"}],"wp:term":[{"taxonomy":"category","embeddable":true,"href":"https:\/\/canimas.eu\/es\/wp-json\/wp\/v2\/categories?post=5416"},{"taxonomy":"post_tag","embeddable":true,"href":"https:\/\/canimas.eu\/es\/wp-json\/wp\/v2\/tags?post=5416"},{"taxonomy":"ambit","embeddable":true,"href":"https:\/\/canimas.eu\/es\/wp-json\/wp\/v2\/ambit?post=5416"},{"taxonomy":"tema","embeddable":true,"href":"https:\/\/canimas.eu\/es\/wp-json\/wp\/v2\/tema?post=5416"}],"curies":[{"name":"wp","href":"https:\/\/api.w.org\/{rel}","templated":true}]}}