{"id":5436,"date":"1418-05-04T21:14:39","date_gmt":"1418-05-04T21:29:23","guid":{"rendered":"https:\/\/www.canimas.eu\/espacios-de-reflexion-etica-posibilidades-peligros-y-retos\/"},"modified":"1418-05-04T21:14:39","modified_gmt":"1418-05-04T20:14:39","slug":"espacios-de-reflexion-etica-posibilidades-peligros-y-retos","status":"publish","type":"post","link":"https:\/\/canimas.eu\/es\/espacios-de-reflexion-etica-posibilidades-peligros-y-retos\/","title":{"rendered":"Espacios de reflexi\u00f3n \u00e9tica: posibilidades, peligros y retos"},"content":{"rendered":"<p>Conferencia en las\u00a0<a href=\"https:\/\/canimas.eu\/wp-content\/uploads\/2018\/04\/Agenda-040518.-Jornades-dInfa\u0300ncia-i-Educacio\u0301-Social.-Programa.pdf\" target=\"_blank\" rel=\"noopener noreferrer\">XI Jornada de infancia y educaci\u00f3n social 2018. Repensando el sistema de protecci\u00f3n desde las buenas pr\u00e1cticas.<\/a> Col\u00b7legi d&#8217;Educadores i Educadors Socials de Catalunya (CEESC). Espai Francesca Bonnemaison. Barcelona, 4 de mayo de 2018.<\/p>\n","protected":false},"excerpt":{"rendered":"<p>Conferencia en las\u00a0<a href=\"http:\/\/www.canimas.eu\/wp-content\/uploads\/2018\/04\/Agenda-040518.-Jornades-dInfa\u0300ncia-i-Educacio\u0301-Social.-Programa.pdf\" target=\"_blank\" rel=\"noopener noreferrer\">XI Jornada de infancia y educaci\u00f3n social 2018. Repensando el sistema de protecci\u00f3n desde las buenas pr\u00e1cticas.<\/a> Col\u00b7legi d&#8217;Educadores i Educadors Socials de Catalunya (CEESC). Espai Francesca Bonnemaison. Barcelona, 4 de mayo de 2018.<\/p>\n","protected":false},"author":8,"featured_media":0,"comment_status":"closed","ping_status":"closed","sticky":false,"template":"","format":"standard","meta":{"_acf_changed":false,"footnotes":""},"categories":[431],"tags":[],"ambit":[],"tema":[],"class_list":["post-5436","post","type-post","status-publish","format-standard","hentry","category-conferencia"],"acf":[],"_links":{"self":[{"href":"https:\/\/canimas.eu\/es\/wp-json\/wp\/v2\/posts\/5436","targetHints":{"allow":["GET"]}}],"collection":[{"href":"https:\/\/canimas.eu\/es\/wp-json\/wp\/v2\/posts"}],"about":[{"href":"https:\/\/canimas.eu\/es\/wp-json\/wp\/v2\/types\/post"}],"author":[{"embeddable":true,"href":"https:\/\/canimas.eu\/es\/wp-json\/wp\/v2\/users\/8"}],"replies":[{"embeddable":true,"href":"https:\/\/canimas.eu\/es\/wp-json\/wp\/v2\/comments?post=5436"}],"version-history":[{"count":0,"href":"https:\/\/canimas.eu\/es\/wp-json\/wp\/v2\/posts\/5436\/revisions"}],"wp:attachment":[{"href":"https:\/\/canimas.eu\/es\/wp-json\/wp\/v2\/media?parent=5436"}],"wp:term":[{"taxonomy":"category","embeddable":true,"href":"https:\/\/canimas.eu\/es\/wp-json\/wp\/v2\/categories?post=5436"},{"taxonomy":"post_tag","embeddable":true,"href":"https:\/\/canimas.eu\/es\/wp-json\/wp\/v2\/tags?post=5436"},{"taxonomy":"ambit","embeddable":true,"href":"https:\/\/canimas.eu\/es\/wp-json\/wp\/v2\/ambit?post=5436"},{"taxonomy":"tema","embeddable":true,"href":"https:\/\/canimas.eu\/es\/wp-json\/wp\/v2\/tema?post=5436"}],"curies":[{"name":"wp","href":"https:\/\/api.w.org\/{rel}","templated":true}]}}