{"id":5446,"date":"1418-06-08T22:29:01","date_gmt":"1418-06-08T22:43:45","guid":{"rendered":"https:\/\/www.canimas.eu\/la-intimidad-en-los-centros-residenciales-de-personas-con-diversidad-funcional-a-proposito-del-uso-el-acceso-y-la-supervision-de-los-espacios\/"},"modified":"1418-06-08T22:29:01","modified_gmt":"1418-06-08T21:29:01","slug":"la-intimidad-en-los-centros-residenciales-de-personas-con-diversidad-funcional-a-proposito-del-uso-el-acceso-y-la-supervision-de-los-espacios","status":"publish","type":"post","link":"https:\/\/canimas.eu\/es\/la-intimidad-en-los-centros-residenciales-de-personas-con-diversidad-funcional-a-proposito-del-uso-el-acceso-y-la-supervision-de-los-espacios\/","title":{"rendered":"La intimidad en los centros residenciales de personas con diversidad funcional. A prop\u00f3sito del uso, el acceso y la supervisi\u00f3n de los espacios"},"content":{"rendered":"<p>Conferencia en la\u00a0<a href=\"http:\/\/www.canimas.eu\/wp-content\/uploads\/2018\/06\/Agenda-80618.-Programa-de-la-jornada-E%CC%80tica-Serveis-Socials-de-Catalunya.pdf\" target=\"_blank\" rel=\"noopener noreferrer\">II Jornada de Comit\u00e9s de \u00c9tica y Espacios de Reflexi\u00f3n \u00c9tica de Servicios Sociales de Catalunya<\/a>. Comit\u00e8 d&#8217;\u00c8tica dels Serveis Socials de Catalunya. Casa del Mar. Barcelona, 8 de junio\u00a0de 2018.<\/p>\n<blockquote><p><a href=\"http:\/\/dixit.gencat.cat\/ca\/detalls\/Article\/08062018_ii_jornada_etica_serveis_socials_catalunya\" target=\"_blank\" rel=\"noopener noreferrer\">Ver video de la conferencia<\/a><\/p><\/blockquote>\n","protected":false},"excerpt":{"rendered":"<p>Conferencia en la\u00a0<a href=\"http:\/\/www.canimas.eu\/wp-content\/uploads\/2018\/06\/Agenda-80618.-Programa-de-la-jornada-E%CC%80tica-Serveis-Socials-de-Catalunya.pdf\" target=\"_blank\" rel=\"noopener noreferrer\">II Jornada de Comit\u00e9s de \u00c9tica y Espacios de Reflexi\u00f3n \u00c9tica de Servicios Sociales de Catalunya<\/a>. Comit\u00e8 d&#8217;\u00c8tica dels Serveis Socials de Catalunya. Casa del Mar. Barcelona, 8 de junio\u00a0de 2018.<\/p>\n<blockquote><p><a href=\"http:\/\/dixit.gencat.cat\/ca\/detalls\/Article\/08062018_ii_jornada_etica_serveis_socials_catalunya\" target=\"_blank\" rel=\"noopener noreferrer\">Ver video de la conferencia<\/a><\/p><\/blockquote>\n","protected":false},"author":8,"featured_media":0,"comment_status":"closed","ping_status":"closed","sticky":false,"template":"","format":"standard","meta":{"_acf_changed":false,"footnotes":""},"categories":[431],"tags":[],"ambit":[],"tema":[],"class_list":["post-5446","post","type-post","status-publish","format-standard","hentry","category-conferencia"],"acf":[],"_links":{"self":[{"href":"https:\/\/canimas.eu\/es\/wp-json\/wp\/v2\/posts\/5446","targetHints":{"allow":["GET"]}}],"collection":[{"href":"https:\/\/canimas.eu\/es\/wp-json\/wp\/v2\/posts"}],"about":[{"href":"https:\/\/canimas.eu\/es\/wp-json\/wp\/v2\/types\/post"}],"author":[{"embeddable":true,"href":"https:\/\/canimas.eu\/es\/wp-json\/wp\/v2\/users\/8"}],"replies":[{"embeddable":true,"href":"https:\/\/canimas.eu\/es\/wp-json\/wp\/v2\/comments?post=5446"}],"version-history":[{"count":0,"href":"https:\/\/canimas.eu\/es\/wp-json\/wp\/v2\/posts\/5446\/revisions"}],"wp:attachment":[{"href":"https:\/\/canimas.eu\/es\/wp-json\/wp\/v2\/media?parent=5446"}],"wp:term":[{"taxonomy":"category","embeddable":true,"href":"https:\/\/canimas.eu\/es\/wp-json\/wp\/v2\/categories?post=5446"},{"taxonomy":"post_tag","embeddable":true,"href":"https:\/\/canimas.eu\/es\/wp-json\/wp\/v2\/tags?post=5446"},{"taxonomy":"ambit","embeddable":true,"href":"https:\/\/canimas.eu\/es\/wp-json\/wp\/v2\/ambit?post=5446"},{"taxonomy":"tema","embeddable":true,"href":"https:\/\/canimas.eu\/es\/wp-json\/wp\/v2\/tema?post=5446"}],"curies":[{"name":"wp","href":"https:\/\/api.w.org\/{rel}","templated":true}]}}