{"id":5454,"date":"1418-06-21T08:44:56","date_gmt":"1418-06-21T08:59:40","guid":{"rendered":"https:\/\/www.canimas.eu\/entre-el-paternalismo-y-el-abandono-pautas-para-una-etica-de-la-responsabilidad\/"},"modified":"1418-06-21T08:44:56","modified_gmt":"1418-06-21T07:44:56","slug":"entre-el-paternalismo-y-el-abandono-pautas-para-una-etica-de-la-responsabilidad","status":"publish","type":"post","link":"https:\/\/canimas.eu\/es\/entre-el-paternalismo-y-el-abandono-pautas-para-una-etica-de-la-responsabilidad\/","title":{"rendered":"Entre el paternalismo y el abandono: pautas para una \u00e9tica de la responsabilidad"},"content":{"rendered":"<p>Conferencia en el\u00a0<a href=\"http:\/\/www.canimas.eu\/wp-content\/uploads\/2018\/06\/Agenda-250618.-V-Encuentro-sobre-personas-con-discapacidad-intelectual_investigacio%CC%81n-conocimiento-e-innovacio%CC%81n.-J-Canimas.pdf\" target=\"_blank\" rel=\"noopener noreferrer\">V Encuentro sobre personas con discapacidad intelectual: investigaci\u00f3n, conocimiento e innovaci\u00f3n<\/a>. Universidad Internacional Men\u00e9ndez Pelayo-Fundaci\u00f3n Obra San Mart\u00edn. Palacio de La Magdalena. Santander, 25 de junio de 2018.<\/p>\n","protected":false},"excerpt":{"rendered":"<p>Conferencia en el\u00a0<a href=\"http:\/\/www.canimas.eu\/wp-content\/uploads\/2018\/06\/Agenda-250618.-V-Encuentro-sobre-personas-con-discapacidad-intelectual_investigacio%CC%81n-conocimiento-e-innovacio%CC%81n.-J-Canimas.pdf\" target=\"_blank\" rel=\"noopener noreferrer\">V Encuentro sobre personas con discapacidad intelectual: investigaci\u00f3n, conocimiento e innovaci\u00f3n<\/a>. Universidad Internacional Men\u00e9ndez Pelayo-Fundaci\u00f3n Obra San Mart\u00edn. Palacio de La Magdalena. Santander, 25 de junio de 2018.<\/p>\n","protected":false},"author":8,"featured_media":0,"comment_status":"closed","ping_status":"closed","sticky":false,"template":"","format":"standard","meta":{"_acf_changed":false,"footnotes":""},"categories":[431],"tags":[],"ambit":[],"tema":[],"class_list":["post-5454","post","type-post","status-publish","format-standard","hentry","category-conferencia"],"acf":[],"_links":{"self":[{"href":"https:\/\/canimas.eu\/es\/wp-json\/wp\/v2\/posts\/5454","targetHints":{"allow":["GET"]}}],"collection":[{"href":"https:\/\/canimas.eu\/es\/wp-json\/wp\/v2\/posts"}],"about":[{"href":"https:\/\/canimas.eu\/es\/wp-json\/wp\/v2\/types\/post"}],"author":[{"embeddable":true,"href":"https:\/\/canimas.eu\/es\/wp-json\/wp\/v2\/users\/8"}],"replies":[{"embeddable":true,"href":"https:\/\/canimas.eu\/es\/wp-json\/wp\/v2\/comments?post=5454"}],"version-history":[{"count":0,"href":"https:\/\/canimas.eu\/es\/wp-json\/wp\/v2\/posts\/5454\/revisions"}],"wp:attachment":[{"href":"https:\/\/canimas.eu\/es\/wp-json\/wp\/v2\/media?parent=5454"}],"wp:term":[{"taxonomy":"category","embeddable":true,"href":"https:\/\/canimas.eu\/es\/wp-json\/wp\/v2\/categories?post=5454"},{"taxonomy":"post_tag","embeddable":true,"href":"https:\/\/canimas.eu\/es\/wp-json\/wp\/v2\/tags?post=5454"},{"taxonomy":"ambit","embeddable":true,"href":"https:\/\/canimas.eu\/es\/wp-json\/wp\/v2\/ambit?post=5454"},{"taxonomy":"tema","embeddable":true,"href":"https:\/\/canimas.eu\/es\/wp-json\/wp\/v2\/tema?post=5454"}],"curies":[{"name":"wp","href":"https:\/\/api.w.org\/{rel}","templated":true}]}}