{"id":5458,"date":"1418-09-06T16:34:44","date_gmt":"1418-09-06T16:49:28","guid":{"rendered":"https:\/\/www.canimas.eu\/la-inclusion-en-las-aulas-del-s-xxi-una-mirada-etica\/"},"modified":"1418-09-06T16:34:44","modified_gmt":"1418-09-06T15:34:44","slug":"la-inclusion-en-las-aulas-del-s-xxi-una-mirada-etica","status":"publish","type":"post","link":"https:\/\/canimas.eu\/es\/la-inclusion-en-las-aulas-del-s-xxi-una-mirada-etica\/","title":{"rendered":"La inclusi\u00f3n en las aulas del s.XXI; una mirada \u00e9tica"},"content":{"rendered":"<div class=\"wpb-content-wrapper\"><p>[vc_row][vc_column][vc_column_text]Conferencia en la Jornada organizada por el Servei Educatiu del Vall\u00e8s Oriental IV en el Centro C\u00edvico y Cultural La F\u00e0brica. Santa Eul\u00e0lia de Ron\u00e7ana, 6 de septiembre de 2018.<\/p>\n<blockquote><p><a href=\"http:\/\/www.canimas.eu\/wp-content\/uploads\/2018\/09\/Agenda.06-09-18.Les-tensions-en-leducacio-inclusiva.Joan-Canimas.pdf\" target=\"_blank\" rel=\"noopener\"><strong>Ver el texto de la conferencia<\/strong><\/a><\/p><\/blockquote>\n<p>[\/vc_column_text][\/vc_column][\/vc_row]<\/p>\n<\/div>","protected":false},"excerpt":{"rendered":"<p>Conferencia en la Jornada organizada por el Servei Educatiu del Vall\u00e8s Oriental IV en el Centro C\u00edvico y Cultural La F\u00e0brica. Santa Eul\u00e0lia de Ron\u00e7ana, 6 de septiembre de 2018.<\/p>\n<blockquote><p><a href=\"http:\/\/www.canimas.eu\/wp-content\/uploads\/2018\/09\/Agenda.06-09-18.Les-tensions-en-leducacio-inclusiva.Joan-Canimas.pdf\" target=\"_blank\" rel=\"noopener\"><strong>Ver el texto de la conferencia<\/strong><\/a><\/p><\/blockquote>\n","protected":false},"author":8,"featured_media":0,"comment_status":"closed","ping_status":"closed","sticky":false,"template":"","format":"standard","meta":{"_acf_changed":false,"footnotes":""},"categories":[431],"tags":[],"ambit":[],"tema":[],"class_list":["post-5458","post","type-post","status-publish","format-standard","hentry","category-conferencia"],"acf":[],"_links":{"self":[{"href":"https:\/\/canimas.eu\/es\/wp-json\/wp\/v2\/posts\/5458","targetHints":{"allow":["GET"]}}],"collection":[{"href":"https:\/\/canimas.eu\/es\/wp-json\/wp\/v2\/posts"}],"about":[{"href":"https:\/\/canimas.eu\/es\/wp-json\/wp\/v2\/types\/post"}],"author":[{"embeddable":true,"href":"https:\/\/canimas.eu\/es\/wp-json\/wp\/v2\/users\/8"}],"replies":[{"embeddable":true,"href":"https:\/\/canimas.eu\/es\/wp-json\/wp\/v2\/comments?post=5458"}],"version-history":[{"count":0,"href":"https:\/\/canimas.eu\/es\/wp-json\/wp\/v2\/posts\/5458\/revisions"}],"wp:attachment":[{"href":"https:\/\/canimas.eu\/es\/wp-json\/wp\/v2\/media?parent=5458"}],"wp:term":[{"taxonomy":"category","embeddable":true,"href":"https:\/\/canimas.eu\/es\/wp-json\/wp\/v2\/categories?post=5458"},{"taxonomy":"post_tag","embeddable":true,"href":"https:\/\/canimas.eu\/es\/wp-json\/wp\/v2\/tags?post=5458"},{"taxonomy":"ambit","embeddable":true,"href":"https:\/\/canimas.eu\/es\/wp-json\/wp\/v2\/ambit?post=5458"},{"taxonomy":"tema","embeddable":true,"href":"https:\/\/canimas.eu\/es\/wp-json\/wp\/v2\/tema?post=5458"}],"curies":[{"name":"wp","href":"https:\/\/api.w.org\/{rel}","templated":true}]}}