{"id":5484,"date":"1419-03-15T08:11:57","date_gmt":"1419-03-15T08:26:41","guid":{"rendered":"https:\/\/www.canimas.eu\/el-respeto-alcance-y-limites\/"},"modified":"1419-03-15T08:11:57","modified_gmt":"1419-03-15T07:11:57","slug":"el-respeto-alcance-y-limites","status":"publish","type":"post","link":"https:\/\/canimas.eu\/es\/el-respeto-alcance-y-limites\/","title":{"rendered":"El respeto: alcance y l\u00edmites"},"content":{"rendered":"<div class=\"wpb-content-wrapper\"><p>[vc_row][vc_column][vc_custom_heading source=\u00bbpost_title\u00bb font_container=\u00bbtag:h3|font_size:18px|text_align:left\u00bb use_theme_fonts=\u00bbyes\u00bb el_class=\u00bbtitol-post-custom\u00bb][vc_column_text]Conferencia en la <a href=\"http:\/\/www.canimas.eu\/wp-content\/uploads\/2019\/03\/Agenda.15-03-18.II-Jornada-Etica-Accio-Social-Terres-Lleida.Itineraris-de-respecte-en-la-intervencio-social.Els-itineraris-de-la-intimitat.Presencialitat-i-informacio.Joan-Canimas-Brugue.pdf\" target=\"_blank\" rel=\"noopener\">II Jornada de \u00c9tica en la Acci\u00f3n Social en las Tierras de Lleida \u00abItineraris de respecte en la intervenci\u00f3 social\u00bb<\/a> organizada por Servicios Territoriales en Lleida, la Facultad de Educaci\u00f3n, Psicolog\u00eda y Trabajo Social de la Universidad de Lleida y el Instituto Borja de Bio\u00e9tica &#8211; Universidad Ramon Llull. Auditori del Centre de Cultures i Cooperaci\u00f3 Transfronterera de la Universidad de Lleida, 15 de marzo de 2019.[\/vc_column_text][\/vc_column][\/vc_row]<\/p>\n<\/div>","protected":false},"excerpt":{"rendered":"<p>Conferencia en la <a href=\"http:\/\/www.canimas.eu\/wp-content\/uploads\/2019\/03\/Agenda.15-03-18.II-Jornada-Etica-Accio-Social-Terres-Lleida.Itineraris-de-respecte-en-la-intervencio-social.Els-itineraris-de-la-intimitat.Presencialitat-i-informacio.Joan-Canimas-Brugue.pdf\" target=\"_blank\" rel=\"noopener\">II Jornada de \u00c9tica en la Acci\u00f3n Social en las Tierras de Lleida \u00abItineraris de respecte en la intervenci\u00f3 social\u00bb<\/a> organizada por Servicios Territoriales en Lleida, la Facultad de Educaci\u00f3n, Psicolog\u00eda y Trabajo Social de la Universidad de Lleida y el Instituto Borja de Bio\u00e9tica &#8211; Universidad Ramon Llull. Auditori del Centre de Cultures i Cooperaci\u00f3 Transfronterera de la Universidad de Lleida, 15 de marzo de 2019.<\/p>\n","protected":false},"author":8,"featured_media":0,"comment_status":"closed","ping_status":"closed","sticky":false,"template":"","format":"standard","meta":{"_acf_changed":false,"footnotes":""},"categories":[431],"tags":[],"ambit":[],"tema":[],"class_list":["post-5484","post","type-post","status-publish","format-standard","hentry","category-conferencia"],"acf":[],"_links":{"self":[{"href":"https:\/\/canimas.eu\/es\/wp-json\/wp\/v2\/posts\/5484","targetHints":{"allow":["GET"]}}],"collection":[{"href":"https:\/\/canimas.eu\/es\/wp-json\/wp\/v2\/posts"}],"about":[{"href":"https:\/\/canimas.eu\/es\/wp-json\/wp\/v2\/types\/post"}],"author":[{"embeddable":true,"href":"https:\/\/canimas.eu\/es\/wp-json\/wp\/v2\/users\/8"}],"replies":[{"embeddable":true,"href":"https:\/\/canimas.eu\/es\/wp-json\/wp\/v2\/comments?post=5484"}],"version-history":[{"count":0,"href":"https:\/\/canimas.eu\/es\/wp-json\/wp\/v2\/posts\/5484\/revisions"}],"wp:attachment":[{"href":"https:\/\/canimas.eu\/es\/wp-json\/wp\/v2\/media?parent=5484"}],"wp:term":[{"taxonomy":"category","embeddable":true,"href":"https:\/\/canimas.eu\/es\/wp-json\/wp\/v2\/categories?post=5484"},{"taxonomy":"post_tag","embeddable":true,"href":"https:\/\/canimas.eu\/es\/wp-json\/wp\/v2\/tags?post=5484"},{"taxonomy":"ambit","embeddable":true,"href":"https:\/\/canimas.eu\/es\/wp-json\/wp\/v2\/ambit?post=5484"},{"taxonomy":"tema","embeddable":true,"href":"https:\/\/canimas.eu\/es\/wp-json\/wp\/v2\/tema?post=5484"}],"curies":[{"name":"wp","href":"https:\/\/api.w.org\/{rel}","templated":true}]}}