{"id":5487,"date":"1419-03-15T08:19:14","date_gmt":"1419-03-15T08:33:58","guid":{"rendered":"https:\/\/www.canimas.eu\/los-itinerarios-de-la-intimidad-presencialidad-e-informacion\/"},"modified":"2025-04-08T14:01:22","modified_gmt":"2025-04-08T12:01:22","slug":"los-itinerarios-de-la-intimidad-presencialidad-e-informacion","status":"publish","type":"post","link":"https:\/\/canimas.eu\/es\/los-itinerarios-de-la-intimidad-presencialidad-e-informacion\/","title":{"rendered":"Los itinerarios de la intimidad: presencialidad e informaci\u00f3n"},"content":{"rendered":"<div class=\"wpb-content-wrapper\"><p>[vc_row][vc_column][vc_custom_heading source=\u00bbpost_title\u00bb font_container=\u00bbtag:h3|font_size:18px|text_align:left\u00bb use_theme_fonts=\u00bbyes\u00bb el_class=\u00bbtitol-post-custom\u00bb][vc_column_text]Taller en la <a href=\"http:\/\/www.canimas.eu\/wp-content\/uploads\/2019\/03\/Agenda.15-03-18.II-Jornada-Etica-Accio-Social-Terres-Lleida.Itineraris-de-respecte-en-la-intervencio-social.Els-itineraris-de-la-intimitat.Presencialitat-i-informacio.Joan-Canimas-Brugue.pdf\" target=\"_blank\" rel=\"noopener\">II Jornada de \u00c9tica en la Acci\u00f3n Social en las Terres de Lleida \u00abItinerarios de respeto en la intervenci\u00f3n social\u00bb<\/a> organizada por los Servicios Territoriales de Lleida, la Facultad de Educaci\u00f3n, Psicolog\u00eda y Trabajo Social de la Universidad de Lleida y el Instituto Borja de Bio\u00e9tica &#8211; Universidad Ramon Llull. Auditori del Centre de Cultures i Cooperaci\u00f3 Transfronterera de la Universidad de Lleida, 15 de marzo de 2019.[\/vc_column_text][\/vc_column][\/vc_row]<\/p>\n<\/div>","protected":false},"excerpt":{"rendered":"<p>Taller en la <a href=\"http:\/\/www.canimas.eu\/wp-content\/uploads\/2019\/03\/Agenda.15-03-18.II-Jornada-Etica-Accio-Social-Terres-Lleida.Itineraris-de-respecte-en-la-intervencio-social.Els-itineraris-de-la-intimitat.Presencialitat-i-informacio.Joan-Canimas-Brugue.pdf\" target=\"_blank\" rel=\"noopener\">II Jornada de \u00c9tica en la Acci\u00f3n Social en las Terres de Lleida \u00abItinerarios de respeto en la intervenci\u00f3n social\u00bb<\/a> organizada por los Servicios Territoriales de Lleida, la Facultad de Educaci\u00f3n, Psicolog\u00eda y Trabajo Social de la Universidad de Lleida y el Instituto Borja de Bio\u00e9tica &#8211; Universidad Ramon Llull. Auditori del Centre de Cultures i Cooperaci\u00f3 Transfronterera de la Universidad de Lleida, 15 de marzo de 2019.<\/p>\n","protected":false},"author":8,"featured_media":0,"comment_status":"closed","ping_status":"closed","sticky":false,"template":"","format":"standard","meta":{"_acf_changed":false,"footnotes":""},"categories":[431],"tags":[457,460],"ambit":[],"tema":[640,642],"class_list":["post-5487","post","type-post","status-publish","format-standard","hentry","category-conferencia","tag-hospitalidad-buen-trato-cuidado","tag-intimidad","tema-hospitalidad-buen-trato-cuidado","tema-intimidad"],"acf":[],"_links":{"self":[{"href":"https:\/\/canimas.eu\/es\/wp-json\/wp\/v2\/posts\/5487","targetHints":{"allow":["GET"]}}],"collection":[{"href":"https:\/\/canimas.eu\/es\/wp-json\/wp\/v2\/posts"}],"about":[{"href":"https:\/\/canimas.eu\/es\/wp-json\/wp\/v2\/types\/post"}],"author":[{"embeddable":true,"href":"https:\/\/canimas.eu\/es\/wp-json\/wp\/v2\/users\/8"}],"replies":[{"embeddable":true,"href":"https:\/\/canimas.eu\/es\/wp-json\/wp\/v2\/comments?post=5487"}],"version-history":[{"count":0,"href":"https:\/\/canimas.eu\/es\/wp-json\/wp\/v2\/posts\/5487\/revisions"}],"wp:attachment":[{"href":"https:\/\/canimas.eu\/es\/wp-json\/wp\/v2\/media?parent=5487"}],"wp:term":[{"taxonomy":"category","embeddable":true,"href":"https:\/\/canimas.eu\/es\/wp-json\/wp\/v2\/categories?post=5487"},{"taxonomy":"post_tag","embeddable":true,"href":"https:\/\/canimas.eu\/es\/wp-json\/wp\/v2\/tags?post=5487"},{"taxonomy":"ambit","embeddable":true,"href":"https:\/\/canimas.eu\/es\/wp-json\/wp\/v2\/ambit?post=5487"},{"taxonomy":"tema","embeddable":true,"href":"https:\/\/canimas.eu\/es\/wp-json\/wp\/v2\/tema?post=5487"}],"curies":[{"name":"wp","href":"https:\/\/api.w.org\/{rel}","templated":true}]}}