{"id":5490,"date":"1419-04-15T08:40:02","date_gmt":"1419-04-15T08:54:46","guid":{"rendered":"https:\/\/www.canimas.eu\/etica-la-convencion-sobre-las-personas-con-discapacidad-una-tercera-revolucion-que-nos-afecta-a-todos\/"},"modified":"2025-04-08T13:53:21","modified_gmt":"2025-04-08T11:53:21","slug":"etica-la-convencion-sobre-las-personas-con-discapacidad-una-tercera-revolucion-que-nos-afecta-a-todos","status":"publish","type":"post","link":"https:\/\/canimas.eu\/es\/etica-la-convencion-sobre-las-personas-con-discapacidad-una-tercera-revolucion-que-nos-afecta-a-todos\/","title":{"rendered":"\u00c9tica: La convenci\u00f3n sobre las personas con discapacidad, una tercera revoluci\u00f3n que nos afecta a todos"},"content":{"rendered":"<div class=\"wpb-content-wrapper\"><p>[vc_row][vc_column][vc_custom_heading source=\u00bbpost_title\u00bb font_container=\u00bbtag:h3|font_size:18px|text_align:left\u00bb use_theme_fonts=\u00bbyes\u00bb el_class=\u00bbtitol-post-custom\u00bb][vc_column_text]Conferencia en la Escuela de Familias 2018\/19 organizada por el Centro Ocupacional \u00abEl Molino\u00bb en el Colegio E. E. \u00abEl Molino\u00bb. Pamplona, 15 de abril de 2019.[\/vc_column_text][\/vc_column][\/vc_row]<\/p>\n<\/div>","protected":false},"excerpt":{"rendered":"<p>Conferencia en la Escuela de Familias 2018\/19 organizada por el Centro Ocupacional \u00abEl Molino\u00bb en el Colegio E. E. \u00abEl Molino\u00bb. Pamplona, 15 de abril de 2019.<\/p>\n","protected":false},"author":8,"featured_media":0,"comment_status":"closed","ping_status":"closed","sticky":false,"template":"","format":"standard","meta":{"_acf_changed":false,"footnotes":""},"categories":[431],"tags":[449,458],"ambit":[655,652],"tema":[],"class_list":["post-5490","post","type-post","status-publish","format-standard","hentry","category-conferencia","tag-diversidad-funcional","tag-infancia-adolescencia-juventud","ambit-diversidad-funcional","ambit-infancia-adolescencia-juventud"],"acf":[],"_links":{"self":[{"href":"https:\/\/canimas.eu\/es\/wp-json\/wp\/v2\/posts\/5490","targetHints":{"allow":["GET"]}}],"collection":[{"href":"https:\/\/canimas.eu\/es\/wp-json\/wp\/v2\/posts"}],"about":[{"href":"https:\/\/canimas.eu\/es\/wp-json\/wp\/v2\/types\/post"}],"author":[{"embeddable":true,"href":"https:\/\/canimas.eu\/es\/wp-json\/wp\/v2\/users\/8"}],"replies":[{"embeddable":true,"href":"https:\/\/canimas.eu\/es\/wp-json\/wp\/v2\/comments?post=5490"}],"version-history":[{"count":0,"href":"https:\/\/canimas.eu\/es\/wp-json\/wp\/v2\/posts\/5490\/revisions"}],"wp:attachment":[{"href":"https:\/\/canimas.eu\/es\/wp-json\/wp\/v2\/media?parent=5490"}],"wp:term":[{"taxonomy":"category","embeddable":true,"href":"https:\/\/canimas.eu\/es\/wp-json\/wp\/v2\/categories?post=5490"},{"taxonomy":"post_tag","embeddable":true,"href":"https:\/\/canimas.eu\/es\/wp-json\/wp\/v2\/tags?post=5490"},{"taxonomy":"ambit","embeddable":true,"href":"https:\/\/canimas.eu\/es\/wp-json\/wp\/v2\/ambit?post=5490"},{"taxonomy":"tema","embeddable":true,"href":"https:\/\/canimas.eu\/es\/wp-json\/wp\/v2\/tema?post=5490"}],"curies":[{"name":"wp","href":"https:\/\/api.w.org\/{rel}","templated":true}]}}