{"id":5541,"date":"1419-12-05T08:47:43","date_gmt":"1419-12-05T09:02:27","guid":{"rendered":"https:\/\/www.canimas.eu\/introduccion-a-la-etica-aplicada-en-la-intervencion-en-servicios-sociales\/"},"modified":"2025-04-01T12:29:35","modified_gmt":"2025-04-01T10:29:35","slug":"introduccion-a-la-etica-aplicada-en-la-intervencion-en-servicios-sociales","status":"publish","type":"post","link":"https:\/\/canimas.eu\/es\/introduccion-a-la-etica-aplicada-en-la-intervencion-en-servicios-sociales\/","title":{"rendered":"Introducci\u00f3n a la \u00e9tica aplicada en la intervenci\u00f3n en servicios sociales"},"content":{"rendered":"<div class=\"wpb-content-wrapper\"><p>[vc_row][vc_column][vc_custom_heading source=\u00bbpost_title\u00bb font_container=\u00bbtag:h3|font_size:18px|text_align:left\u00bb use_theme_fonts=\u00bbyes\u00bb el_class=\u00bbtitol-post-custom\u00bb][vc_column_text]Conferencia en <a href=\"http:\/\/www.canimas.eu\/wp-content\/uploads\/2020\/08\/Agenda.05-12-19.Jornades-sobre-bones-practiques-infancia-i-adolescencia-en-risc.Introduccio-a-etica-aplicada-en-la-intervencio-en-serveis-socials.Isom_.Joan-Canimas-Brugue.pdf\" target=\"_blank\" rel=\"noopener\">\u00abJornades sobre bones pr\u00e0ctiques: inf\u00e0ncia i adolesc\u00e8ncia en risc\u00bb<\/a> organizada por ISOM en el Centro C\u00edvico La Salut. Badalona, 5 de diciembre de 2019.[\/vc_column_text][\/vc_column][\/vc_row]<\/p>\n<\/div>","protected":false},"excerpt":{"rendered":"<p>Conferencia en <a href=\"http:\/\/www.canimas.eu\/wp-content\/uploads\/2020\/08\/Agenda.05-12-19.Jornades-sobre-bones-practiques-infancia-i-adolescencia-en-risc.Introduccio-a-etica-aplicada-en-la-intervencio-en-serveis-socials.Isom_.Joan-Canimas-Brugue.pdf\" target=\"_blank\" rel=\"noopener\">\u00abJornades sobre bones pr\u00e0ctiques: inf\u00e0ncia i adolesc\u00e8ncia en risc\u00bb<\/a> organizada por ISOM en el Centro C\u00edvico La Salut. Badalona, 5 de diciembre de 2019.<\/p>\n","protected":false},"author":8,"featured_media":0,"comment_status":"closed","ping_status":"closed","sticky":false,"template":"","format":"standard","meta":{"_acf_changed":false,"footnotes":""},"categories":[431],"tags":[458,464],"ambit":[652,650],"tema":[],"class_list":["post-5541","post","type-post","status-publish","format-standard","hentry","category-conferencia","tag-infancia-adolescencia-juventud","tag-servicios-sociales","ambit-infancia-adolescencia-juventud","ambit-servicios-sociales"],"acf":[],"_links":{"self":[{"href":"https:\/\/canimas.eu\/es\/wp-json\/wp\/v2\/posts\/5541","targetHints":{"allow":["GET"]}}],"collection":[{"href":"https:\/\/canimas.eu\/es\/wp-json\/wp\/v2\/posts"}],"about":[{"href":"https:\/\/canimas.eu\/es\/wp-json\/wp\/v2\/types\/post"}],"author":[{"embeddable":true,"href":"https:\/\/canimas.eu\/es\/wp-json\/wp\/v2\/users\/8"}],"replies":[{"embeddable":true,"href":"https:\/\/canimas.eu\/es\/wp-json\/wp\/v2\/comments?post=5541"}],"version-history":[{"count":0,"href":"https:\/\/canimas.eu\/es\/wp-json\/wp\/v2\/posts\/5541\/revisions"}],"wp:attachment":[{"href":"https:\/\/canimas.eu\/es\/wp-json\/wp\/v2\/media?parent=5541"}],"wp:term":[{"taxonomy":"category","embeddable":true,"href":"https:\/\/canimas.eu\/es\/wp-json\/wp\/v2\/categories?post=5541"},{"taxonomy":"post_tag","embeddable":true,"href":"https:\/\/canimas.eu\/es\/wp-json\/wp\/v2\/tags?post=5541"},{"taxonomy":"ambit","embeddable":true,"href":"https:\/\/canimas.eu\/es\/wp-json\/wp\/v2\/ambit?post=5541"},{"taxonomy":"tema","embeddable":true,"href":"https:\/\/canimas.eu\/es\/wp-json\/wp\/v2\/tema?post=5541"}],"curies":[{"name":"wp","href":"https:\/\/api.w.org\/{rel}","templated":true}]}}