{"id":5547,"date":"1420-01-23T12:30:20","date_gmt":"1420-01-23T12:45:04","guid":{"rendered":"https:\/\/www.canimas.eu\/derechos-humanos-y-eticas-de-los-cuidados\/"},"modified":"2025-04-01T12:24:46","modified_gmt":"2025-04-01T10:24:46","slug":"derechos-humanos-y-eticas-de-los-cuidados","status":"publish","type":"post","link":"https:\/\/canimas.eu\/es\/derechos-humanos-y-eticas-de-los-cuidados\/","title":{"rendered":"Derechos Humanos y \u00c9ticas de los Cuidados"},"content":{"rendered":"<div class=\"wpb-content-wrapper\"><p>[vc_row][vc_column][vc_custom_heading source=\u00bbpost_title\u00bb font_container=\u00bbtag:h3|font_size:18px|text_align:left\u00bb use_theme_fonts=\u00bbyes\u00bb el_class=\u00bbtitol-post-custom\u00bb][vc_column_text]Conferencia de clausura del <a href=\"http:\/\/www.canimas.eu\/wp-content\/uploads\/2020\/08\/Agenda.23-01-20.VII-Congreso-Cartografiando-derechos-humanos-en-la-rehabilitacion-psicosocial.AMRP_.Derechos-humanos-y-e\u0301ticas-de-los-cuidados.Joan-Canimas-Brugue.pdf\" target=\"_blank\" rel=\"noopener\">VII Congreso \u00abCartografiando los Derechos Humanos en la rehabilitaci\u00f3n psicosocial\u00bb<\/a> organizada por la Asociaci\u00f3n Madrile\u00f1a de Rehabilitaci\u00f3n Psicosocial. Madrid, 23 y 24 de enero de 2020.[\/vc_column_text][\/vc_column][\/vc_row]<\/p>\n<\/div>","protected":false},"excerpt":{"rendered":"<p>Conferencia de clausura del <a href=\"http:\/\/www.canimas.eu\/wp-content\/uploads\/2020\/08\/Agenda.23-01-20.VII-Congreso-Cartografiando-derechos-humanos-en-la-rehabilitacion-psicosocial.AMRP_.Derechos-humanos-y-e\u0301ticas-de-los-cuidados.Joan-Canimas-Brugue.pdf\" target=\"_blank\" rel=\"noopener\">VII Congreso \u00abCartografiando los Derechos Humanos en la rehabilitaci\u00f3n psicosocial\u00bb<\/a> organizada por la Asociaci\u00f3n Madrile\u00f1a de Rehabilitaci\u00f3n Psicosocial. Madrid, 23 y 24 de enero de 2020.<\/p>\n","protected":false},"author":8,"featured_media":0,"comment_status":"closed","ping_status":"closed","sticky":false,"template":"","format":"standard","meta":{"_acf_changed":false,"footnotes":""},"categories":[431],"tags":[],"ambit":[],"tema":[],"class_list":["post-5547","post","type-post","status-publish","format-standard","hentry","category-conferencia"],"acf":[],"_links":{"self":[{"href":"https:\/\/canimas.eu\/es\/wp-json\/wp\/v2\/posts\/5547","targetHints":{"allow":["GET"]}}],"collection":[{"href":"https:\/\/canimas.eu\/es\/wp-json\/wp\/v2\/posts"}],"about":[{"href":"https:\/\/canimas.eu\/es\/wp-json\/wp\/v2\/types\/post"}],"author":[{"embeddable":true,"href":"https:\/\/canimas.eu\/es\/wp-json\/wp\/v2\/users\/8"}],"replies":[{"embeddable":true,"href":"https:\/\/canimas.eu\/es\/wp-json\/wp\/v2\/comments?post=5547"}],"version-history":[{"count":0,"href":"https:\/\/canimas.eu\/es\/wp-json\/wp\/v2\/posts\/5547\/revisions"}],"wp:attachment":[{"href":"https:\/\/canimas.eu\/es\/wp-json\/wp\/v2\/media?parent=5547"}],"wp:term":[{"taxonomy":"category","embeddable":true,"href":"https:\/\/canimas.eu\/es\/wp-json\/wp\/v2\/categories?post=5547"},{"taxonomy":"post_tag","embeddable":true,"href":"https:\/\/canimas.eu\/es\/wp-json\/wp\/v2\/tags?post=5547"},{"taxonomy":"ambit","embeddable":true,"href":"https:\/\/canimas.eu\/es\/wp-json\/wp\/v2\/ambit?post=5547"},{"taxonomy":"tema","embeddable":true,"href":"https:\/\/canimas.eu\/es\/wp-json\/wp\/v2\/tema?post=5547"}],"curies":[{"name":"wp","href":"https:\/\/api.w.org\/{rel}","templated":true}]}}