{"id":5580,"date":"1422-02-15T11:14:03","date_gmt":"1422-02-15T11:28:47","guid":{"rendered":"https:\/\/www.canimas.eu\/aproximacion-etica-a-la-provision-de-apoyos-a-las-personas-con-discapacidad-intelectual-despues-de-la-reforma-aproximacion-etica-legal-social-y-tecnica\/"},"modified":"2024-02-26T12:21:16","modified_gmt":"2024-02-26T11:21:16","slug":"aproximacion-etica-a-la-provision-de-apoyos-a-las-personas-con-discapacidad-intelectual-despues-de-la-reforma-aproximacion-etica-legal-social-y-tecnica","status":"publish","type":"post","link":"https:\/\/canimas.eu\/es\/aproximacion-etica-a-la-provision-de-apoyos-a-las-personas-con-discapacidad-intelectual-despues-de-la-reforma-aproximacion-etica-legal-social-y-tecnica\/","title":{"rendered":"Aproximaci\u00f3n \u00e9tica a \u201cLa provisi\u00f3n de apoyos a las personas con discapacidad intelectual despu\u00e9s de la reforma: aproximaci\u00f3n \u00e9tica, legal, social y t\u00e9cnica\u201d."},"content":{"rendered":"<div class=\"wpb-content-wrapper\"><p>[vc_row][vc_column][vc_custom_heading source=\u00bbpost_title\u00bb font_container=\u00bbtag:h3|font_size:18px|text_align:left\u00bb use_theme_fonts=\u00bbyes\u00bb el_class=\u00bbtitol-post-custom\u00bb][vc_column_text]Conferencia inscrita en la jornada: \u201c<a href=\"http:\/\/www.canimas.eu\/wp-content\/uploads\/2022\/05\/Agenda.16-02-22.-La-provisio-de-suports-a-les-persones-amb-discapacitat-intel\u00b7lectual-despres-de-la-reforma-aproximacio-eticalegalsocial-i-tecnica.Ceps_.Joan-Canimas-Brugue.pdf\" target=\"_blank\" rel=\"noopener\">La provisi\u00f3n de apoyos a las personas con discapacidad intelectual despu\u00e9s de la reforma: aproximaci\u00f3n \u00e9tica, legal,social y t\u00e9cnica<\/a>\u201d organizada por Cepas Asociaci\u00f3n para la Prevenci\u00f3n y la Promoci\u00f3n de la Salud. Barcelona, 16 de febrero de 2022.[\/vc_column_text][\/vc_column][\/vc_row][vc_row][vc_column][\/vc_column][\/vc_row]<\/p>\n<\/div>","protected":false},"excerpt":{"rendered":"<p>Conferencia inscrita en la jornada: \u201c<a href=\"http:\/\/www.canimas.eu\/wp-content\/uploads\/2022\/05\/Agenda.16-02-22.-La-provisio-de-suports-a-les-persones-amb-discapacitat-intel\u00b7lectual-despres-de-la-reforma-aproximacio-eticalegalsocial-i-tecnica.Ceps_.Joan-Canimas-Brugue.pdf\" target=\"_blank\" rel=\"noopener\">La provisi\u00f3n de apoyos a las personas con discapacidad intelectual despu\u00e9s de la reforma: aproximaci\u00f3n \u00e9tica, legal,social y t\u00e9cnica<\/a>\u201d organizada por Cepas Asociaci\u00f3n para la Prevenci\u00f3n y la Promoci\u00f3n de la Salud. Barcelona, 16 de febrero de 2022.<\/p>\n","protected":false},"author":8,"featured_media":0,"comment_status":"closed","ping_status":"closed","sticky":false,"template":"","format":"standard","meta":{"_acf_changed":false,"footnotes":""},"categories":[431],"tags":[449],"ambit":[655],"tema":[],"class_list":["post-5580","post","type-post","status-publish","format-standard","hentry","category-conferencia","tag-diversidad-funcional","ambit-diversidad-funcional"],"acf":[],"_links":{"self":[{"href":"https:\/\/canimas.eu\/es\/wp-json\/wp\/v2\/posts\/5580","targetHints":{"allow":["GET"]}}],"collection":[{"href":"https:\/\/canimas.eu\/es\/wp-json\/wp\/v2\/posts"}],"about":[{"href":"https:\/\/canimas.eu\/es\/wp-json\/wp\/v2\/types\/post"}],"author":[{"embeddable":true,"href":"https:\/\/canimas.eu\/es\/wp-json\/wp\/v2\/users\/8"}],"replies":[{"embeddable":true,"href":"https:\/\/canimas.eu\/es\/wp-json\/wp\/v2\/comments?post=5580"}],"version-history":[{"count":0,"href":"https:\/\/canimas.eu\/es\/wp-json\/wp\/v2\/posts\/5580\/revisions"}],"wp:attachment":[{"href":"https:\/\/canimas.eu\/es\/wp-json\/wp\/v2\/media?parent=5580"}],"wp:term":[{"taxonomy":"category","embeddable":true,"href":"https:\/\/canimas.eu\/es\/wp-json\/wp\/v2\/categories?post=5580"},{"taxonomy":"post_tag","embeddable":true,"href":"https:\/\/canimas.eu\/es\/wp-json\/wp\/v2\/tags?post=5580"},{"taxonomy":"ambit","embeddable":true,"href":"https:\/\/canimas.eu\/es\/wp-json\/wp\/v2\/ambit?post=5580"},{"taxonomy":"tema","embeddable":true,"href":"https:\/\/canimas.eu\/es\/wp-json\/wp\/v2\/tema?post=5580"}],"curies":[{"name":"wp","href":"https:\/\/api.w.org\/{rel}","templated":true}]}}