{"id":5604,"date":"1981-06-25T16:55:34","date_gmt":"1981-06-25T14:55:34","guid":{"rendered":"https:\/\/www.canimas.eu\/furcara-c-i-canimas-j-1981-para-ser-un-poco-mas-libres-guia-didactica-pels-mestres-sept-escoles-dadults-de-girona-1981\/"},"modified":"2022-12-02T12:26:56","modified_gmt":"2022-12-02T11:26:56","slug":"furcara-c-i-canimas-j-1981-para-ser-un-poco-mas-libres-guia-didactica-pels-mestres-sept-escoles-dadults-de-girona-1981","status":"publish","type":"post","link":"https:\/\/canimas.eu\/es\/furcara-c-i-canimas-j-1981-para-ser-un-poco-mas-libres-guia-didactica-pels-mestres-sept-escoles-dadults-de-girona-1981\/","title":{"rendered":"Furcar\u00e0, C. i Canimas, J. (1981): Para ser un poco m\u00e1s libres&#8230; Guia did\u00e0ctica pels mestres), SEPT\/ Escoles d&#8217;Adults de Girona, 1981."},"content":{"rendered":"<p>Gu\u00eda did\u00e1ctica de la cartilla de alfabetizaci\u00f3n\u00a0<em>Para ser un poco m\u00e1s libres&#8230; <\/em>Tiene cinco apartados: <em>1. Introducci\u00f3; 2. Marc de l&#8217;experi\u00e8ncia; 3. La cartilla: descripci\u00f3 t\u00e8cnica; 4. Recursos did\u00e0ctics; y 5. Seguiment i avaluaci\u00f3 dels resultats<\/em>.<\/p>\n<blockquote><p><a href=\"https:\/\/canimas.eu\/wp-content\/uploads\/2022\/12\/Furcara-C.-i-Canimas-J.-1982-Para-ser-un-poco-mas-libres...-Guia-didactica-pels-mestres.pdf\" target=\"_blank\" rel=\"noopener\">Ver gu\u00eda 1<\/a><\/p>\n<p><a href=\"https:\/\/canimas.eu\/wp-content\/uploads\/2022\/12\/Furcara-C.-1981-Para-ser-un-poco-mas-libres...-Cartilla-de-alfabetizacion-para-personas-adultas.pdf\" target=\"_blank\" rel=\"noopener\">Ver gu\u00eda 2<\/a><\/p>\n<p>&nbsp;<\/p>\n<p>&nbsp;<\/p>\n<p>&nbsp;<\/p><\/blockquote>\n","protected":false},"excerpt":{"rendered":"<p>Gu\u00eda did\u00e1ctica de la cartilla de alfabetizaci\u00f3n\u00a0<em>Para ser un poco m\u00e1s libres&#8230; <\/em>Tiene cinco apartados: <em>1. Introducci\u00f3; 2. Marc de l&#8217;experi\u00e8ncia; 3. La cartilla: descripci\u00f3 t\u00e8cnica; 4. Recursos did\u00e0ctics; y 5. Seguiment i avaluaci\u00f3 dels resultats<\/em>.<\/p>\n<blockquote><p><a href=\"https:\/\/canimas.eu\/wp-content\/uploads\/2022\/12\/Furcara-C.-i-Canimas-J.-1982-Para-ser-un-poco-mas-libres...-Guia-didactica-pels-mestres.pdf\" target=\"_blank\" rel=\"noopener\">Ver gu\u00eda 1<\/a><\/p>\n<p><a href=\"https:\/\/canimas.eu\/wp-content\/uploads\/2022\/12\/Furcara-C.-1981-Para-ser-un-poco-mas-libres...-Cartilla-de-alfabetizacion-para-personas-adultas.pdf\" target=\"_blank\" rel=\"noopener\">Ver gu\u00eda 2<\/a><\/p><\/blockquote>\n","protected":false},"author":8,"featured_media":5933,"comment_status":"closed","ping_status":"closed","sticky":false,"template":"","format":"standard","meta":{"_acf_changed":false,"footnotes":""},"categories":[556],"tags":[450],"ambit":[654],"tema":[640],"class_list":["post-5604","post","type-post","status-publish","format-standard","has-post-thumbnail","hentry","category-publicaciones","tag-educacion","ambit-educacion","tema-hospitalidad-buen-trato-cuidado"],"acf":[],"_links":{"self":[{"href":"https:\/\/canimas.eu\/es\/wp-json\/wp\/v2\/posts\/5604","targetHints":{"allow":["GET"]}}],"collection":[{"href":"https:\/\/canimas.eu\/es\/wp-json\/wp\/v2\/posts"}],"about":[{"href":"https:\/\/canimas.eu\/es\/wp-json\/wp\/v2\/types\/post"}],"author":[{"embeddable":true,"href":"https:\/\/canimas.eu\/es\/wp-json\/wp\/v2\/users\/8"}],"replies":[{"embeddable":true,"href":"https:\/\/canimas.eu\/es\/wp-json\/wp\/v2\/comments?post=5604"}],"version-history":[{"count":0,"href":"https:\/\/canimas.eu\/es\/wp-json\/wp\/v2\/posts\/5604\/revisions"}],"wp:featuredmedia":[{"embeddable":true,"href":"https:\/\/canimas.eu\/es\/wp-json\/wp\/v2\/media\/5933"}],"wp:attachment":[{"href":"https:\/\/canimas.eu\/es\/wp-json\/wp\/v2\/media?parent=5604"}],"wp:term":[{"taxonomy":"category","embeddable":true,"href":"https:\/\/canimas.eu\/es\/wp-json\/wp\/v2\/categories?post=5604"},{"taxonomy":"post_tag","embeddable":true,"href":"https:\/\/canimas.eu\/es\/wp-json\/wp\/v2\/tags?post=5604"},{"taxonomy":"ambit","embeddable":true,"href":"https:\/\/canimas.eu\/es\/wp-json\/wp\/v2\/ambit?post=5604"},{"taxonomy":"tema","embeddable":true,"href":"https:\/\/canimas.eu\/es\/wp-json\/wp\/v2\/tema?post=5604"}],"curies":[{"name":"wp","href":"https:\/\/api.w.org\/{rel}","templated":true}]}}