{"id":5616,"date":"1983-06-25T16:53:23","date_gmt":"1983-06-25T14:53:23","guid":{"rendered":"https:\/\/www.canimas.eu\/canimas-j-1983-vilaroja-font-de-la-polvora-i-grup-de-sant-daniel-en-girona-i-els-seus-barris-ayuntamiento-de-girona-1983-pag-317-330\/"},"modified":"2023-05-22T13:13:39","modified_gmt":"2023-05-22T11:13:39","slug":"canimas-j-1983-vilaroja-font-de-la-polvora-i-grup-de-sant-daniel-en-girona-i-els-seus-barris-ayuntamiento-de-girona-1983-pag-317-330","status":"publish","type":"post","link":"https:\/\/canimas.eu\/es\/canimas-j-1983-vilaroja-font-de-la-polvora-i-grup-de-sant-daniel-en-girona-i-els-seus-barris-ayuntamiento-de-girona-1983-pag-317-330\/","title":{"rendered":"Canimas, J. (1983): \u00abVilaroja, Font de la P\u00f3lvora i Grup de Sant Daniel\u00bb, en Girona i els seus barris, Ayuntamiento de Girona, 1983, p\u00e1g. 317-330."},"content":{"rendered":"<p>Op\u00fasculo editado por Ajuntament de Girona el a\u00f1o 1983 en el qual se presenta una breve analisis sociol\u00f3gica de los barrios de Vila-Roja, Grup de Sant Daniel y La Font de la P\u00f3lvora.<\/p>\n<p><a href=\"https:\/\/canimas.eu\/wp-content\/uploads\/2023\/05\/Publicacions-83-Girona-i-els-seus-barris-J.Canimas-i-Brugue.pdf\" target=\"_blank\" rel=\"noopener\">Ver op\u00fasculo<\/a><\/p>\n<p>&nbsp;<\/p>\n","protected":false},"excerpt":{"rendered":"<p>Op\u00fasculo editado por Ajuntament de Girona el a\u00f1o 1983 en el qual se presenta una breve analisis sociol\u00f3gica de los barrios de Vila-Roja, Grup de Sant Daniel y La Font de la P\u00f3lvora.<\/p>\n<p><a href=\"https:\/\/www.canimas.eu\/wp-content\/uploads\/2023\/05\/Publicacions-83-Girona-i-els-seus-barris-J.Canimas-i-Brugue.pdf\" target=\"_blank\" rel=\"noopener\">Ver op\u00fasculo<\/a><\/p>\n","protected":false},"author":8,"featured_media":5931,"comment_status":"closed","ping_status":"closed","sticky":false,"template":"","format":"standard","meta":{"_acf_changed":false,"footnotes":""},"categories":[556],"tags":[600],"ambit":[],"tema":[],"class_list":["post-5616","post","type-post","status-publish","format-standard","has-post-thumbnail","hentry","category-publicaciones","tag-sociologia-es"],"acf":[],"_links":{"self":[{"href":"https:\/\/canimas.eu\/es\/wp-json\/wp\/v2\/posts\/5616","targetHints":{"allow":["GET"]}}],"collection":[{"href":"https:\/\/canimas.eu\/es\/wp-json\/wp\/v2\/posts"}],"about":[{"href":"https:\/\/canimas.eu\/es\/wp-json\/wp\/v2\/types\/post"}],"author":[{"embeddable":true,"href":"https:\/\/canimas.eu\/es\/wp-json\/wp\/v2\/users\/8"}],"replies":[{"embeddable":true,"href":"https:\/\/canimas.eu\/es\/wp-json\/wp\/v2\/comments?post=5616"}],"version-history":[{"count":0,"href":"https:\/\/canimas.eu\/es\/wp-json\/wp\/v2\/posts\/5616\/revisions"}],"wp:featuredmedia":[{"embeddable":true,"href":"https:\/\/canimas.eu\/es\/wp-json\/wp\/v2\/media\/5931"}],"wp:attachment":[{"href":"https:\/\/canimas.eu\/es\/wp-json\/wp\/v2\/media?parent=5616"}],"wp:term":[{"taxonomy":"category","embeddable":true,"href":"https:\/\/canimas.eu\/es\/wp-json\/wp\/v2\/categories?post=5616"},{"taxonomy":"post_tag","embeddable":true,"href":"https:\/\/canimas.eu\/es\/wp-json\/wp\/v2\/tags?post=5616"},{"taxonomy":"ambit","embeddable":true,"href":"https:\/\/canimas.eu\/es\/wp-json\/wp\/v2\/ambit?post=5616"},{"taxonomy":"tema","embeddable":true,"href":"https:\/\/canimas.eu\/es\/wp-json\/wp\/v2\/tema?post=5616"}],"curies":[{"name":"wp","href":"https:\/\/api.w.org\/{rel}","templated":true}]}}