{"id":5628,"date":"1999-06-23T14:01:17","date_gmt":"1999-06-23T12:01:17","guid":{"rendered":"https:\/\/www.canimas.eu\/canimas-j-1999-la-professionalitzacio-de-lhorror-en-revista-de-girona-diputacion-de-girona-monografico-sobre-la-objecion-y-la-insubmision-julio-de-1999-num-195-pag-80-82\/"},"modified":"2023-02-27T15:34:52","modified_gmt":"2023-02-27T14:34:52","slug":"canimas-j-1999-la-professionalitzacio-de-lhorror-en-revista-de-girona-diputacion-de-girona-monografico-sobre-la-objecion-y-la-insubmision-julio-de-1999-num-195-pag-80-82","status":"publish","type":"post","link":"https:\/\/canimas.eu\/es\/canimas-j-1999-la-professionalitzacio-de-lhorror-en-revista-de-girona-diputacion-de-girona-monografico-sobre-la-objecion-y-la-insubmision-julio-de-1999-num-195-pag-80-82\/","title":{"rendered":"Canimas, J. (1999): \u00abLa professionalitzaci\u00f3 de l&#8217;horror\u00bb, en Revista de Girona, Diputaci\u00f3n de Girona, monogr\u00e1fico sobre la objeci\u00f3n y la insubmisi\u00f3n, julio de 1999, n\u00fam. 195, p\u00e1g. 80-82."},"content":{"rendered":"<p><em>Nos encontr\u00e1bamos en un piso de la calle Orient donde todo se confund\u00eda felizmente: largas discusiones pol\u00edticas, innovadoras experiencias amorosas, planificaci\u00f3n de acciones contra los militares, programaci\u00f3n del servicio civil en las Pedreras, escuchar Jorge Cafrune mientras Toni Font, el primer objetor de conciencia que conoc\u00ed, torneaba barro&#8230;<\/em> As\u00ed empieza una narraci\u00f3n en la cual la pol\u00edtica forma parte del despertar y crecimiento de un joven.<\/p>\n<blockquote><p><a href=\"http:\/\/www.canimas.eu\/wp-content\/uploads\/2017\/07\/Objectors-i-insubmisos.-Professionalitzacio%CC%81-de-lhorror-Canimas.pdf\" target=\"_blank\" rel=\"noopener noreferrer\">Ver el art\u00edculo<\/a><\/p><\/blockquote>\n","protected":false},"excerpt":{"rendered":"<p><em>Nos encontr\u00e1bamos en un piso de la calle Orient donde todo se confund\u00eda felizmente: largas discusiones pol\u00edticas, innovadoras experiencias amorosas, planificaci\u00f3n de acciones contra los militares, programaci\u00f3n del servicio civil en las Pedreras, escuchar Jorge Cafrune mientras Toni Font, el primer objetor de conciencia que conoc\u00ed, torneaba barro&#8230;<\/em> As\u00ed empieza una narraci\u00f3n en la cual la pol\u00edtica forma parte del despertar y crecimiento de un joven.<\/p>\n<blockquote><p><a href=\"http:\/\/www.canimas.eu\/wp-content\/uploads\/2017\/07\/Objectors-i-insubmisos.-Professionalitzacio%CC%81-de-lhorror-Canimas.pdf\" target=\"_blank\" rel=\"noopener noreferrer\">Ver el art\u00edculo<\/a><\/p><\/blockquote>\n","protected":false},"author":8,"featured_media":5927,"comment_status":"closed","ping_status":"closed","sticky":false,"template":"","format":"standard","meta":{"_acf_changed":false,"footnotes":""},"categories":[556],"tags":[593,594],"ambit":[],"tema":[],"class_list":["post-5628","post","type-post","status-publish","format-standard","has-post-thumbnail","hentry","category-publicaciones","tag-objecion-de-conciencia","tag-politica-es"],"acf":[],"_links":{"self":[{"href":"https:\/\/canimas.eu\/es\/wp-json\/wp\/v2\/posts\/5628","targetHints":{"allow":["GET"]}}],"collection":[{"href":"https:\/\/canimas.eu\/es\/wp-json\/wp\/v2\/posts"}],"about":[{"href":"https:\/\/canimas.eu\/es\/wp-json\/wp\/v2\/types\/post"}],"author":[{"embeddable":true,"href":"https:\/\/canimas.eu\/es\/wp-json\/wp\/v2\/users\/8"}],"replies":[{"embeddable":true,"href":"https:\/\/canimas.eu\/es\/wp-json\/wp\/v2\/comments?post=5628"}],"version-history":[{"count":0,"href":"https:\/\/canimas.eu\/es\/wp-json\/wp\/v2\/posts\/5628\/revisions"}],"wp:featuredmedia":[{"embeddable":true,"href":"https:\/\/canimas.eu\/es\/wp-json\/wp\/v2\/media\/5927"}],"wp:attachment":[{"href":"https:\/\/canimas.eu\/es\/wp-json\/wp\/v2\/media?parent=5628"}],"wp:term":[{"taxonomy":"category","embeddable":true,"href":"https:\/\/canimas.eu\/es\/wp-json\/wp\/v2\/categories?post=5628"},{"taxonomy":"post_tag","embeddable":true,"href":"https:\/\/canimas.eu\/es\/wp-json\/wp\/v2\/tags?post=5628"},{"taxonomy":"ambit","embeddable":true,"href":"https:\/\/canimas.eu\/es\/wp-json\/wp\/v2\/ambit?post=5628"},{"taxonomy":"tema","embeddable":true,"href":"https:\/\/canimas.eu\/es\/wp-json\/wp\/v2\/tema?post=5628"}],"curies":[{"name":"wp","href":"https:\/\/api.w.org\/{rel}","templated":true}]}}