{"id":5648,"date":"2006-06-23T13:22:19","date_gmt":"2006-06-23T11:22:19","guid":{"rendered":"https:\/\/www.canimas.eu\/canimas-j-2006-la-etica-aplicada-a-la-intervencion-social-en-revista-servicios-sociales-y-politica-social-revista-del-consejo-general-de-colegios-oficiales-de-diplomados-en-trabajo\/"},"modified":"2023-02-13T09:20:13","modified_gmt":"2023-02-13T08:20:13","slug":"canimas-j-2006-la-etica-aplicada-a-la-intervencion-social-en-revista-servicios-sociales-y-politica-social-revista-del-consejo-general-de-colegios-oficiales-de-diplomados-en-trabajo","status":"publish","type":"post","link":"https:\/\/canimas.eu\/es\/canimas-j-2006-la-etica-aplicada-a-la-intervencion-social-en-revista-servicios-sociales-y-politica-social-revista-del-consejo-general-de-colegios-oficiales-de-diplomados-en-trabajo\/","title":{"rendered":"Canimas, J. (2006): \u00abLa \u00e9tica aplicada a la intervenci\u00f3n social\u00bb, en Revista Servicios Sociales y Pol\u00edtica Social. Revista del Consejo General de Colegios Oficiales de Diplomados en Trabajo Social, 2006, n\u00fam. 73, p\u00e1g. 135-144."},"content":{"rendered":"<p>Este art\u00edculo trata tres cuestiones: 1. La poca presencia, en el momento en que fue escrito (2005), de la \u00e9tica aplicada en el \u00e1mbito de los servicios sociales y de la necesidad de introducirla; 2. El trabajo social como una profesi\u00f3n de alto riesgo \u00e9tico, pero tambi\u00e9n de grandes posibilidades \u00e9ticas; y 3. Los mecanismos de respuesta a los problemas \u00e9ticos que plantea el trabajo social. En el \u00faltimo apartado se presenta el Observatorio de \u00c9tica Aplicada a la Intervenci\u00f3n Social.<\/p>\n<blockquote><p><a href=\"https:\/\/canimas.eu\/wp-content\/uploads\/2023\/02\/Publicacions-2006.-La-etica-aplicada-a-la-intervencion-social.-J.Canimas.pdf\" target=\"_blank\" rel=\"noopener\">Ver art\u00edculo<\/a><\/p><\/blockquote>\n","protected":false},"excerpt":{"rendered":"<p>Este art\u00edculo trata tres cuestiones: 1. La poca presencia, en el momento en que fue escrito (2005), de la \u00e9tica aplicada en el \u00e1mbito de los servicios sociales y de la necesidad de introducirla; 2. El trabajo social como una profesi\u00f3n de alto riesgo \u00e9tico, pero tambi\u00e9n de grandes posibilidades \u00e9ticas; y 3. Los mecanismos de respuesta a los problemas \u00e9ticos que plantea el trabajo social. En el \u00faltimo apartado se presenta el Observatorio de \u00c9tica Aplicada a la Intervenci\u00f3n Social.<\/p>\n<blockquote><p><a href=\"https:\/\/www.canimas.eu\/wp-content\/uploads\/2023\/02\/Publicacions-2006.-La-etica-aplicada-a-la-intervencion-social.-J.Canimas.pdf\" target=\"_blank\" rel=\"noopener\">Ver art\u00edculo<\/a><\/p><\/blockquote>\n","protected":false},"author":8,"featured_media":6053,"comment_status":"closed","ping_status":"closed","sticky":false,"template":"","format":"standard","meta":{"_acf_changed":false,"footnotes":""},"categories":[556],"tags":[454,464],"ambit":[650],"tema":[649],"class_list":["post-5648","post","type-post","status-publish","format-standard","has-post-thumbnail","hentry","category-publicaciones","tag-etica-general","tag-servicios-sociales","ambit-servicios-sociales","tema-etica-general-es"],"acf":[],"_links":{"self":[{"href":"https:\/\/canimas.eu\/es\/wp-json\/wp\/v2\/posts\/5648","targetHints":{"allow":["GET"]}}],"collection":[{"href":"https:\/\/canimas.eu\/es\/wp-json\/wp\/v2\/posts"}],"about":[{"href":"https:\/\/canimas.eu\/es\/wp-json\/wp\/v2\/types\/post"}],"author":[{"embeddable":true,"href":"https:\/\/canimas.eu\/es\/wp-json\/wp\/v2\/users\/8"}],"replies":[{"embeddable":true,"href":"https:\/\/canimas.eu\/es\/wp-json\/wp\/v2\/comments?post=5648"}],"version-history":[{"count":0,"href":"https:\/\/canimas.eu\/es\/wp-json\/wp\/v2\/posts\/5648\/revisions"}],"wp:featuredmedia":[{"embeddable":true,"href":"https:\/\/canimas.eu\/es\/wp-json\/wp\/v2\/media\/6053"}],"wp:attachment":[{"href":"https:\/\/canimas.eu\/es\/wp-json\/wp\/v2\/media?parent=5648"}],"wp:term":[{"taxonomy":"category","embeddable":true,"href":"https:\/\/canimas.eu\/es\/wp-json\/wp\/v2\/categories?post=5648"},{"taxonomy":"post_tag","embeddable":true,"href":"https:\/\/canimas.eu\/es\/wp-json\/wp\/v2\/tags?post=5648"},{"taxonomy":"ambit","embeddable":true,"href":"https:\/\/canimas.eu\/es\/wp-json\/wp\/v2\/ambit?post=5648"},{"taxonomy":"tema","embeddable":true,"href":"https:\/\/canimas.eu\/es\/wp-json\/wp\/v2\/tema?post=5648"}],"curies":[{"name":"wp","href":"https:\/\/api.w.org\/{rel}","templated":true}]}}