{"id":5663,"date":"2008-02-23T12:50:19","date_gmt":"2008-02-23T11:50:19","guid":{"rendered":"https:\/\/www.canimas.eu\/vv-aa-2008-forca-i-violencia-en-educacio-social-girona-quaderns-detica-aplicada-a-la-intervencio-social-num-2-en-catalan-castellano-frances-i-ingles\/"},"modified":"2022-11-25T10:26:13","modified_gmt":"2022-11-25T09:26:13","slug":"vv-aa-2008-forca-i-violencia-en-educacio-social-girona-quaderns-detica-aplicada-a-la-intervencio-social-num-2-en-catalan-castellano-frances-i-ingles","status":"publish","type":"post","link":"https:\/\/canimas.eu\/es\/vv-aa-2008-forca-i-violencia-en-educacio-social-girona-quaderns-detica-aplicada-a-la-intervencio-social-num-2-en-catalan-castellano-frances-i-ingles\/","title":{"rendered":"VV. AA. (2008): Fuerza y viol\u00e9ncia en la educaci\u00f3n social. Girona: Quaderns d&#8217;\u00c8tica Aplicada a la Intervenci\u00f3 Social, n\u00fam. 2 (en catal\u00e1n, castellano, franc\u00e9s e ingl\u00e9s)."},"content":{"rendered":"<p>En este estudio se analiza una situaci\u00f3n real en la que un educador social de un Centro Residencial de Acci\u00f3n Educativa (CRAE), dio una bofetada a un chico del centro, el padre lo denunci\u00f3 y en la sentencia el juez consider\u00f3 que la acci\u00f3n no era punible.<\/p>\n<p>Simplificando mucho, en el grupo de deliberaci\u00f3n \u00e9tica que se constituy\u00f3 para abordar esta situaci\u00f3n, se manifestaron dos tendencias contrapuestas: las personas que consideraban que la bofetada es siempre una acci\u00f3n violenta y denigrante para los ni\u00f1os y adolescentes, que debe estigmatizarse y no permitir bajo ninguna circunstancia; y las personas que consideraban que en situaciones excepcionales y cuando hay v\u00ednculo afectivo, una bofetada puede ser mucho menos violenta que una contenci\u00f3n f\u00edsica o avisar a la polic\u00eda. Este libro recoge los resultados de este proceso deliberativo.<\/p>\n<blockquote><p><a href=\"https:\/\/canimas.eu\/wp-content\/uploads\/2022\/07\/Publicacions-08.Forca-i-violencia-en-leducacio-social.Fundacio-Campus-Arnau-dEscal-i-la-Diputacio-de-Girona.AA_.VV_.pdf\" target=\"_blank\" rel=\"noopener\">Ver libro (catal\u00e1n, castellano, franc\u00e9s e ingl\u00e9s)<\/a><\/p><\/blockquote>\n","protected":false},"excerpt":{"rendered":"<p>En este estudio se analiza una situaci\u00f3n real en la que un educador social de un Centro Residencial de Acci\u00f3n Educativa (CRAE), dio una bofetada a un chico del centro, el padre lo denunci\u00f3 y en la sentencia el juez consider\u00f3 que la acci\u00f3n no era punible.<\/p>\n<p>Simplificando mucho, en el grupo de deliberaci\u00f3n \u00e9tica que se constituy\u00f3 para abordar esta situaci\u00f3n, se manifestaron dos tendencias contrapuestas: las personas que consideraban que la bofetada es siempre una acci\u00f3n violenta y denigrante para los ni\u00f1os y adolescentes, que debe estigmatizarse y no permitir bajo ninguna circunstancia; y las personas que consideraban que en situaciones excepcionales y cuando hay v\u00ednculo afectivo, una bofetada puede ser mucho menos violenta que una contenci\u00f3n f\u00edsica o avisar a la polic\u00eda. Este libro recoge los resultados de este proceso deliberativo.<\/p>\n<blockquote><p><a href=\"https:\/\/www.canimas.eu\/wp-content\/uploads\/2022\/07\/Publicacions-08.Forca-i-violencia-en-leducacio-social.Fundacio-Campus-Arnau-dEscal-i-la-Diputacio-de-Girona.AA_.VV_.pdf\" target=\"_blank\" rel=\"noopener\">Ver libro (catal\u00e1n, castellano, franc\u00e9s e ingl\u00e9s)<\/a><\/p><\/blockquote>\n","protected":false},"author":8,"featured_media":5915,"comment_status":"closed","ping_status":"closed","sticky":false,"template":"","format":"standard","meta":{"_acf_changed":false,"footnotes":""},"categories":[556],"tags":[450,458],"ambit":[654,652],"tema":[],"class_list":["post-5663","post","type-post","status-publish","format-standard","has-post-thumbnail","hentry","category-publicaciones","tag-educacion","tag-infancia-adolescencia-juventud","ambit-educacion","ambit-infancia-adolescencia-juventud"],"acf":[],"_links":{"self":[{"href":"https:\/\/canimas.eu\/es\/wp-json\/wp\/v2\/posts\/5663","targetHints":{"allow":["GET"]}}],"collection":[{"href":"https:\/\/canimas.eu\/es\/wp-json\/wp\/v2\/posts"}],"about":[{"href":"https:\/\/canimas.eu\/es\/wp-json\/wp\/v2\/types\/post"}],"author":[{"embeddable":true,"href":"https:\/\/canimas.eu\/es\/wp-json\/wp\/v2\/users\/8"}],"replies":[{"embeddable":true,"href":"https:\/\/canimas.eu\/es\/wp-json\/wp\/v2\/comments?post=5663"}],"version-history":[{"count":0,"href":"https:\/\/canimas.eu\/es\/wp-json\/wp\/v2\/posts\/5663\/revisions"}],"wp:featuredmedia":[{"embeddable":true,"href":"https:\/\/canimas.eu\/es\/wp-json\/wp\/v2\/media\/5915"}],"wp:attachment":[{"href":"https:\/\/canimas.eu\/es\/wp-json\/wp\/v2\/media?parent=5663"}],"wp:term":[{"taxonomy":"category","embeddable":true,"href":"https:\/\/canimas.eu\/es\/wp-json\/wp\/v2\/categories?post=5663"},{"taxonomy":"post_tag","embeddable":true,"href":"https:\/\/canimas.eu\/es\/wp-json\/wp\/v2\/tags?post=5663"},{"taxonomy":"ambit","embeddable":true,"href":"https:\/\/canimas.eu\/es\/wp-json\/wp\/v2\/ambit?post=5663"},{"taxonomy":"tema","embeddable":true,"href":"https:\/\/canimas.eu\/es\/wp-json\/wp\/v2\/tema?post=5663"}],"curies":[{"name":"wp","href":"https:\/\/api.w.org\/{rel}","templated":true}]}}