{"id":5675,"date":"2009-06-23T10:42:39","date_gmt":"2009-06-23T08:42:39","guid":{"rendered":"https:\/\/www.canimas.eu\/canimas-j-2009-apuntes-para-una-etica-de-la-complejidad-o-de-si-hay-lugar-para-la-beneficencia-la-piedad-y-la-compasion-en-la-educacion-social-en-revista-de-educacion-social-agost\/"},"modified":"2009-06-23T10:42:39","modified_gmt":"2009-06-23T09:42:39","slug":"canimas-j-2009-apuntes-para-una-etica-de-la-complejidad-o-de-si-hay-lugar-para-la-beneficencia-la-piedad-y-la-compasion-en-la-educacion-social-en-revista-de-educacion-social-agost","status":"publish","type":"post","link":"https:\/\/canimas.eu\/es\/canimas-j-2009-apuntes-para-una-etica-de-la-complejidad-o-de-si-hay-lugar-para-la-beneficencia-la-piedad-y-la-compasion-en-la-educacion-social-en-revista-de-educacion-social-agost\/","title":{"rendered":"Canimas, J. (2009): \u00abApuntes para una \u00e9tica de la complejidad (o de si hay lugar para la beneficencia, la Piedad y la compasi\u00f3n en la educaci\u00f3n social\u00bb, en Revista de Educaci\u00f3n Social, agosto de 2009."},"content":{"rendered":"<p>Versi\u00f3n castellana y revisada del art\u00edculo\u00a0<a href=\"http:\/\/www.canimas.eu\/canimas-j-2007-apunts-per-a-una-etica-de-la-complexitat-dins-quaderns-deducacio-social-ceesc-monografic-sobre-etica-i-educacio-social-octubre-de-2007-num-10-pag-19-34\/\" target=\"_blank\" rel=\"noopener noreferrer\">\u00abApunts per a una \u00e8tica de la complexitat\u00bb, en Quaderns d&#8217;Educaci\u00f3 Social, CCESC, monogr\u00e1fico sobre \u00c9tica y Educaci\u00f3n Social, octubre de 2007, n\u00fam. 10, p\u00e1g. 19-34.<\/a><\/p>\n<p>El oficio de educador social es heredero directo de aquellas ocupaciones que hasta no hace mucho practicaban una intervenci\u00f3n absolutamente paternalista. La proximidad de este pret\u00e9rito, que en algunos casos a\u00fan es presente, se nota en el hecho que conceptos como la asistencia, beneficencia, piedad, compasi\u00f3n, amor o incluso moral no se pueden mencionar en el \u00e1mbito de la acci\u00f3n social sin el peligro de convocar viejos fantasmas.<\/p>\n<p class=\"p1\">Este art\u00edculo pretende llamar la atenci\u00f3n sobre el hecho que en \u00e9tica no podemos prescindir como si nada de estos t\u00e9rminos y de aquello que evocan sin caer en un enorme y g\u00e9lido empobrecimiento. El pensamiento laico, y con \u00e9l la educaci\u00f3n social,\u00a0deber\u00eda perderles el miedo, y pensar y encontrar la manera de practicarlos en el\u00a0nuevo marco donde nos encontramos.<\/p>\n<p>&nbsp;<\/p>\n<blockquote><p><a style=\"line-height: 1.5;\" href=\"http:\/\/www.eduso.net\/res\/?b=13&amp;c=121&amp;n=357\" target=\"_blank\" rel=\"noopener noreferrer\">Ver el art\u00edculo<\/a><\/p><\/blockquote>\n","protected":false},"excerpt":{"rendered":"<p>Versi\u00f3n castellana y revisada del art\u00edculo\u00a0<a href=\"http:\/\/www.canimas.eu\/canimas-j-2007-apunts-per-a-una-etica-de-la-complexitat-dins-quaderns-deducacio-social-ceesc-monografic-sobre-etica-i-educacio-social-octubre-de-2007-num-10-pag-19-34\/\" target=\"_blank\" rel=\"noopener noreferrer\">\u00abApunts per a una \u00e8tica de la complexitat\u00bb, en Quaderns d&#8217;Educaci\u00f3 Social, CCESC, monogr\u00e1fico sobre \u00c9tica y Educaci\u00f3n Social, octubre de 2007, n\u00fam. 10, p\u00e1g. 19-34.<\/a><\/p>\n<p>El oficio de educador social es heredero directo de aquellas ocupaciones que hasta no hace mucho practicaban una intervenci\u00f3n absolutamente paternalista. La proximidad de este pret\u00e9rito, que en algunos casos a\u00fan es presente, se nota en el hecho que conceptos como la asistencia, beneficencia, piedad, compasi\u00f3n, amor o incluso moral no se pueden mencionar en el \u00e1mbito de la acci\u00f3n social sin el peligro de convocar viejos fantasmas.<\/p>\n<p class=\"p1\">Este art\u00edculo pretende llamar la atenci\u00f3n sobre el hecho que en \u00e9tica no podemos prescindir como si nada de estos t\u00e9rminos y de aquello que evocan sin caer en un enorme y g\u00e9lido empobrecimiento. El pensamiento laico, y con \u00e9l la educaci\u00f3n social,\u00a0deber\u00eda perderles el miedo, y pensar y encontrar la manera de practicarlos en el\u00a0nuevo marco donde nos encontramos.<\/p>\n<blockquote><p><a style=\"line-height: 1.5;\" href=\"http:\/\/www.eduso.net\/res\/?b=13&amp;c=121&amp;n=357\" target=\"_blank\" rel=\"noopener noreferrer\">Ver el art\u00edculo<\/a><\/p><\/blockquote>\n","protected":false},"author":8,"featured_media":5907,"comment_status":"closed","ping_status":"closed","sticky":false,"template":"","format":"standard","meta":{"_acf_changed":false,"footnotes":""},"categories":[556],"tags":[454,457],"ambit":[650],"tema":[649,640],"class_list":["post-5675","post","type-post","status-publish","format-standard","has-post-thumbnail","hentry","category-publicaciones","tag-etica-general","tag-hospitalidad-buen-trato-cuidado","ambit-servicios-sociales","tema-etica-general-es","tema-hospitalidad-buen-trato-cuidado"],"acf":[],"_links":{"self":[{"href":"https:\/\/canimas.eu\/es\/wp-json\/wp\/v2\/posts\/5675","targetHints":{"allow":["GET"]}}],"collection":[{"href":"https:\/\/canimas.eu\/es\/wp-json\/wp\/v2\/posts"}],"about":[{"href":"https:\/\/canimas.eu\/es\/wp-json\/wp\/v2\/types\/post"}],"author":[{"embeddable":true,"href":"https:\/\/canimas.eu\/es\/wp-json\/wp\/v2\/users\/8"}],"replies":[{"embeddable":true,"href":"https:\/\/canimas.eu\/es\/wp-json\/wp\/v2\/comments?post=5675"}],"version-history":[{"count":0,"href":"https:\/\/canimas.eu\/es\/wp-json\/wp\/v2\/posts\/5675\/revisions"}],"wp:featuredmedia":[{"embeddable":true,"href":"https:\/\/canimas.eu\/es\/wp-json\/wp\/v2\/media\/5907"}],"wp:attachment":[{"href":"https:\/\/canimas.eu\/es\/wp-json\/wp\/v2\/media?parent=5675"}],"wp:term":[{"taxonomy":"category","embeddable":true,"href":"https:\/\/canimas.eu\/es\/wp-json\/wp\/v2\/categories?post=5675"},{"taxonomy":"post_tag","embeddable":true,"href":"https:\/\/canimas.eu\/es\/wp-json\/wp\/v2\/tags?post=5675"},{"taxonomy":"ambit","embeddable":true,"href":"https:\/\/canimas.eu\/es\/wp-json\/wp\/v2\/ambit?post=5675"},{"taxonomy":"tema","embeddable":true,"href":"https:\/\/canimas.eu\/es\/wp-json\/wp\/v2\/tema?post=5675"}],"curies":[{"name":"wp","href":"https:\/\/api.w.org\/{rel}","templated":true}]}}