{"id":5703,"date":"2012-06-20T12:42:00","date_gmt":"2012-06-20T10:42:00","guid":{"rendered":"https:\/\/www.canimas.eu\/canimas-j-coordinador-2012-diversitat-funcional-afectivitat-i-sexualitat-algunes-questions-etiques-que-plantegen-les-relacions-afectives-i-sexuals-de-les-persones-amb-diversitat-funcional-amb\/"},"modified":"2022-11-22T10:12:58","modified_gmt":"2022-11-22T09:12:58","slug":"canimas-j-coordinador-2012-diversitat-funcional-afectivitat-i-sexualitat-algunes-questions-etiques-que-plantegen-les-relacions-afectives-i-sexuals-de-les-persones-amb-diversitat-funcional-amb","status":"publish","type":"post","link":"https:\/\/canimas.eu\/es\/canimas-j-coordinador-2012-diversitat-funcional-afectivitat-i-sexualitat-algunes-questions-etiques-que-plantegen-les-relacions-afectives-i-sexuals-de-les-persones-amb-diversitat-funcional-amb\/","title":{"rendered":"Canimas, J. (coordinador) (2012): Diversitat funcional, afectivitat i sexualitat. Algunes q\u00fcestions \u00e8tiques que plantegen les relacions afectives i sexuals de les persones amb diversitat funcional amb necessitats de suport extens o generalitzat que viuen en resid\u00e8ncies, Consorci de Serveis Socials de Barcelona.*"},"content":{"rendered":"<p>El a\u00f1o 2012 los directores y directoras de los centros residenciales para personas con diversidad funcional de Barcelona y personas que resid\u00edan all\u00ed, identificaron las cuestiones \u00e9ticas que se planteaban en estas instituciones respecto a la afectividad y la sexualidad, reflexionaron y dieron respuestas. Este cuaderno recoge\u00a0los resultados \u00a0del proceso.<\/p>\n<blockquote><p><a href=\"https:\/\/www.canimas.eu\/wp-content\/uploads\/2017\/07\/diversitat_funcional_afectivitat_i_sexualitat.-Canimas.pdf\" target=\"_blank\" rel=\"noopener noreferrer\">Ver el documento (en catal\u00e1n)<\/a><\/p><\/blockquote>\n","protected":false},"excerpt":{"rendered":"<p>El a\u00f1o 2012 los directores y directoras de los centros residenciales para personas con diversidad funcional de Barcelona y personas que resid\u00edan all\u00ed, identificaron las cuestiones \u00e9ticas que se planteaban en estas instituciones respecto a la afectividad y la sexualidad, reflexionaron y dieron respuestas. Este cuaderno recoge\u00a0los resultados \u00a0del proceso.<\/p>\n<blockquote><p><a href=\"http:\/\/www.canimas.eu\/wp-content\/uploads\/2017\/07\/diversitat_funcional_afectivitat_i_sexualitat.-Canimas.pdf\" target=\"_blank\" rel=\"noopener noreferrer\">Ver el documento (en catal\u00e1n)<\/a><\/p><\/blockquote>\n","protected":false},"author":8,"featured_media":5885,"comment_status":"closed","ping_status":"closed","sticky":false,"template":"","format":"standard","meta":{"_acf_changed":false,"footnotes":""},"categories":[556],"tags":[449,460,461,565],"ambit":[655],"tema":[642,643,645],"class_list":["post-5703","post","type-post","status-publish","format-standard","has-post-thumbnail","hentry","category-publicaciones","tag-diversidad-funcional","tag-intimidad","tag-libertad","tag-sexoafectividad","ambit-diversidad-funcional","tema-intimidad","tema-libertad","tema-sexoafectividad"],"acf":[],"_links":{"self":[{"href":"https:\/\/canimas.eu\/es\/wp-json\/wp\/v2\/posts\/5703","targetHints":{"allow":["GET"]}}],"collection":[{"href":"https:\/\/canimas.eu\/es\/wp-json\/wp\/v2\/posts"}],"about":[{"href":"https:\/\/canimas.eu\/es\/wp-json\/wp\/v2\/types\/post"}],"author":[{"embeddable":true,"href":"https:\/\/canimas.eu\/es\/wp-json\/wp\/v2\/users\/8"}],"replies":[{"embeddable":true,"href":"https:\/\/canimas.eu\/es\/wp-json\/wp\/v2\/comments?post=5703"}],"version-history":[{"count":0,"href":"https:\/\/canimas.eu\/es\/wp-json\/wp\/v2\/posts\/5703\/revisions"}],"wp:featuredmedia":[{"embeddable":true,"href":"https:\/\/canimas.eu\/es\/wp-json\/wp\/v2\/media\/5885"}],"wp:attachment":[{"href":"https:\/\/canimas.eu\/es\/wp-json\/wp\/v2\/media?parent=5703"}],"wp:term":[{"taxonomy":"category","embeddable":true,"href":"https:\/\/canimas.eu\/es\/wp-json\/wp\/v2\/categories?post=5703"},{"taxonomy":"post_tag","embeddable":true,"href":"https:\/\/canimas.eu\/es\/wp-json\/wp\/v2\/tags?post=5703"},{"taxonomy":"ambit","embeddable":true,"href":"https:\/\/canimas.eu\/es\/wp-json\/wp\/v2\/ambit?post=5703"},{"taxonomy":"tema","embeddable":true,"href":"https:\/\/canimas.eu\/es\/wp-json\/wp\/v2\/tema?post=5703"}],"curies":[{"name":"wp","href":"https:\/\/api.w.org\/{rel}","templated":true}]}}