{"id":5715,"date":"2013-06-20T11:41:16","date_gmt":"2013-06-20T09:41:16","guid":{"rendered":"https:\/\/www.canimas.eu\/canimas-j-2013-la-etica-aplicada-como-resistencia-politica-en-quintanas-a-ed-el-transfondo-biopolitico-de-la-bioetica-girona-documenta-universitaria-2013-pag-147-157\/"},"modified":"2022-12-13T12:07:12","modified_gmt":"2022-12-13T11:07:12","slug":"canimas-j-2013-la-etica-aplicada-como-resistencia-politica-en-quintanas-a-ed-el-transfondo-biopolitico-de-la-bioetica-girona-documenta-universitaria-2013-pag-147-157","status":"publish","type":"post","link":"https:\/\/canimas.eu\/es\/canimas-j-2013-la-etica-aplicada-como-resistencia-politica-en-quintanas-a-ed-el-transfondo-biopolitico-de-la-bioetica-girona-documenta-universitaria-2013-pag-147-157\/","title":{"rendered":"Canimas, J. (2013): \u00abLa \u00e9tica aplicada como resistencia pol\u00edtica\u00bb, en Quintanas, A. (Ed.): El transfondo biopol\u00edtico de la bio\u00e9tica, Girona: Documenta Universitaria, 2013, p\u00e1g. 147-157."},"content":{"rendered":"<p>Cuando la biopol\u00edtica ha devenido un factor clave del gobierno de la poblaci\u00f3n, las formas de resistencia pol\u00edtica \u2014como ya advirti\u00f3 el mismo Foucault\u2014 tienden a transformar sus m\u00e9todos y sus enfoques. De esta forma, la \u00e9tica aplicada a la acci\u00f3n social, psico-educativa y socio-sanitaria tambi\u00e9n deber\u00eda contemplarse y dirigirse hacia una pr\u00e1ctica cr\u00edtica, subversiva y situacionista de resistencia pol\u00edtica.<\/p>\n<blockquote><p><a href=\"https:\/\/canimas.eu\/wp-content\/uploads\/2022\/12\/2013-Publicacions-La-etica-aplicada-como-resistencia-politica-J.-Canimas_compressed-1.pdf\">Ver libro<\/a><\/p><\/blockquote>\n","protected":false},"excerpt":{"rendered":"<p>Cuando la biopol\u00edtica ha devenido un factor clave del gobierno de la poblaci\u00f3n, las formas de resistencia pol\u00edtica \u2014como ya advirti\u00f3 el mismo Foucault\u2014 tienden a transformar sus m\u00e9todos y sus enfoques. De esta forma, la \u00e9tica aplicada a la acci\u00f3n social, psico-educativa y socio-sanitaria tambi\u00e9n deber\u00eda contemplarse y dirigirse hacia una pr\u00e1ctica cr\u00edtica, subversiva y situacionista de resistencia pol\u00edtica.<\/p>\n<blockquote><p><a href=\"https:\/\/www.canimas.eu\/wp-content\/uploads\/2022\/12\/2013-Publicacions-La-etica-aplicada-como-resistencia-politica-J.-Canimas_compressed-1.pdf\">Ver libro<\/a><\/p><\/blockquote>\n","protected":false},"author":8,"featured_media":5879,"comment_status":"closed","ping_status":"closed","sticky":false,"template":"","format":"standard","meta":{"_acf_changed":false,"footnotes":""},"categories":[556],"tags":[454],"ambit":[],"tema":[649],"class_list":["post-5715","post","type-post","status-publish","format-standard","has-post-thumbnail","hentry","category-publicaciones","tag-etica-general","tema-etica-general-es"],"acf":[],"_links":{"self":[{"href":"https:\/\/canimas.eu\/es\/wp-json\/wp\/v2\/posts\/5715","targetHints":{"allow":["GET"]}}],"collection":[{"href":"https:\/\/canimas.eu\/es\/wp-json\/wp\/v2\/posts"}],"about":[{"href":"https:\/\/canimas.eu\/es\/wp-json\/wp\/v2\/types\/post"}],"author":[{"embeddable":true,"href":"https:\/\/canimas.eu\/es\/wp-json\/wp\/v2\/users\/8"}],"replies":[{"embeddable":true,"href":"https:\/\/canimas.eu\/es\/wp-json\/wp\/v2\/comments?post=5715"}],"version-history":[{"count":0,"href":"https:\/\/canimas.eu\/es\/wp-json\/wp\/v2\/posts\/5715\/revisions"}],"wp:featuredmedia":[{"embeddable":true,"href":"https:\/\/canimas.eu\/es\/wp-json\/wp\/v2\/media\/5879"}],"wp:attachment":[{"href":"https:\/\/canimas.eu\/es\/wp-json\/wp\/v2\/media?parent=5715"}],"wp:term":[{"taxonomy":"category","embeddable":true,"href":"https:\/\/canimas.eu\/es\/wp-json\/wp\/v2\/categories?post=5715"},{"taxonomy":"post_tag","embeddable":true,"href":"https:\/\/canimas.eu\/es\/wp-json\/wp\/v2\/tags?post=5715"},{"taxonomy":"ambit","embeddable":true,"href":"https:\/\/canimas.eu\/es\/wp-json\/wp\/v2\/ambit?post=5715"},{"taxonomy":"tema","embeddable":true,"href":"https:\/\/canimas.eu\/es\/wp-json\/wp\/v2\/tema?post=5715"}],"curies":[{"name":"wp","href":"https:\/\/api.w.org\/{rel}","templated":true}]}}