{"id":5731,"date":"2014-06-20T11:12:47","date_gmt":"2014-06-20T09:12:47","guid":{"rendered":"https:\/\/www.canimas.eu\/canimas-j-2014-langel-de-la-migracio-forcada-en-exilis-llibres-dartista-associacio-cultural-populart\/"},"modified":"2022-11-14T11:54:32","modified_gmt":"2022-11-14T10:54:32","slug":"canimas-j-2014-langel-de-la-migracio-forcada-en-exilis-llibres-dartista-associacio-cultural-populart","status":"publish","type":"post","link":"https:\/\/canimas.eu\/es\/canimas-j-2014-langel-de-la-migracio-forcada-en-exilis-llibres-dartista-associacio-cultural-populart\/","title":{"rendered":"Canimas, J. (2014): \u00abL&#8217;\u00e0ngel de la migraci\u00f3 for\u00e7ada\u00bb, en Exilis. Llibres d&#8217;artista, Associaci\u00f3 cultural PopulArt."},"content":{"rendered":"<p>Este libro recopila reflexiones, testimonios y libros de artistas que culminan la exposici\u00f3n titulada <em>Exilis<\/em>, que conmemor\u00f3 el 75 aniversario del \u00e9xodo de refugiados m\u00e1s grande del siglo XX (casi medio mill\u00f3n de personas): el exilio provocado por la derrota de la Segunda Rep\u00fablica Espa\u00f1ola.<\/p>\n<p>A modo de Ep\u00edlogo, <em>l&#8217;\u00c0ngel de la migraci\u00f3 for\u00e7ada<\/em> concluye la letra y anuncia la imagen.<\/p>\n<blockquote><p><a href=\"https:\/\/es.calameo.com\/read\/00091782588539fdf82ec\" target=\"_blank\" rel=\"noopener noreferrer\">Ver libro (en catal\u00e1n)<\/a><\/p><\/blockquote>\n","protected":false},"excerpt":{"rendered":"<p>Este libro recopila reflexiones, testimonios y libros de artistas que culminan la exposici\u00f3n titulada <em>Exilis<\/em>, que conmemor\u00f3 el 75 aniversario del \u00e9xodo de refugiados m\u00e1s grande del siglo XX (casi medio mill\u00f3n de personas): el exilio provocado por la derrota de la Segunda Rep\u00fablica Espa\u00f1ola.<\/p>\n<p>A modo de Ep\u00edlogo, \u00a0<em>l&#8217;\u00c0ngel de la migraci\u00f3 for\u00e7ada<\/em> concluye la letra y anuncia la imagen.<\/p>\n<blockquote><p><a href=\"https:\/\/es.calameo.com\/read\/00091782588539fdf82ec\" target=\"_blank\" rel=\"noopener noreferrer\">Ver libro (en catal\u00e1n)<\/a><\/p><\/blockquote>\n","protected":false},"author":8,"featured_media":5875,"comment_status":"closed","ping_status":"closed","sticky":false,"template":"","format":"standard","meta":{"_acf_changed":false,"footnotes":""},"categories":[556],"tags":[],"ambit":[],"tema":[643],"class_list":["post-5731","post","type-post","status-publish","format-standard","has-post-thumbnail","hentry","category-publicaciones","tema-libertad"],"acf":[],"_links":{"self":[{"href":"https:\/\/canimas.eu\/es\/wp-json\/wp\/v2\/posts\/5731","targetHints":{"allow":["GET"]}}],"collection":[{"href":"https:\/\/canimas.eu\/es\/wp-json\/wp\/v2\/posts"}],"about":[{"href":"https:\/\/canimas.eu\/es\/wp-json\/wp\/v2\/types\/post"}],"author":[{"embeddable":true,"href":"https:\/\/canimas.eu\/es\/wp-json\/wp\/v2\/users\/8"}],"replies":[{"embeddable":true,"href":"https:\/\/canimas.eu\/es\/wp-json\/wp\/v2\/comments?post=5731"}],"version-history":[{"count":0,"href":"https:\/\/canimas.eu\/es\/wp-json\/wp\/v2\/posts\/5731\/revisions"}],"wp:featuredmedia":[{"embeddable":true,"href":"https:\/\/canimas.eu\/es\/wp-json\/wp\/v2\/media\/5875"}],"wp:attachment":[{"href":"https:\/\/canimas.eu\/es\/wp-json\/wp\/v2\/media?parent=5731"}],"wp:term":[{"taxonomy":"category","embeddable":true,"href":"https:\/\/canimas.eu\/es\/wp-json\/wp\/v2\/categories?post=5731"},{"taxonomy":"post_tag","embeddable":true,"href":"https:\/\/canimas.eu\/es\/wp-json\/wp\/v2\/tags?post=5731"},{"taxonomy":"ambit","embeddable":true,"href":"https:\/\/canimas.eu\/es\/wp-json\/wp\/v2\/ambit?post=5731"},{"taxonomy":"tema","embeddable":true,"href":"https:\/\/canimas.eu\/es\/wp-json\/wp\/v2\/tema?post=5731"}],"curies":[{"name":"wp","href":"https:\/\/api.w.org\/{rel}","templated":true}]}}