{"id":5737,"date":"2015-06-20T11:08:52","date_gmt":"2015-06-20T09:08:52","guid":{"rendered":"https:\/\/www.canimas.eu\/canimas-j-2015-discapacidad-o-diversidad-funcional-en-siglo-cero-revista-espanola-sobre-discapacidad-intelectual-abril-junio-2015-vol-46-2-num-254-pag-79-97\/"},"modified":"2022-11-14T11:37:58","modified_gmt":"2022-11-14T10:37:58","slug":"canimas-j-2015-discapacidad-o-diversidad-funcional-en-siglo-cero-revista-espanola-sobre-discapacidad-intelectual-abril-junio-2015-vol-46-2-num-254-pag-79-97","status":"publish","type":"post","link":"https:\/\/canimas.eu\/es\/canimas-j-2015-discapacidad-o-diversidad-funcional-en-siglo-cero-revista-espanola-sobre-discapacidad-intelectual-abril-junio-2015-vol-46-2-num-254-pag-79-97\/","title":{"rendered":"Canimas, J. (2015): \u00ab\u00bfDiscapacidad o diversidad funcional?\u00bb, en Siglo Cero. Revista espa\u00f1ola sobre discapacidad intelectual, abril-junio 2015, vol.46 (2), n\u00fam. 254, p\u00e1g. 79-97."},"content":{"rendered":"<p>Hasta el d\u00eda de hoy disponemos de tres paradigmas para pensar lo que todav\u00eda denominamos discapacidad: el m\u00e9dico, el social y lo biopsicosocial. El \u00abForo de Vida Independiente\u00bb y los autores y activistas que ayudan a profunditzar y a extender sus propuestas celebran el adelanto que ha supuesto el paradigma biopsicosocial, pero no lo comparten y proponen un nuevo modelo que denominen de la diversidad funcional, una versi\u00f3n hermen\u00e9utica del paradigma social.<\/p>\n<p>Este art\u00edculo intenta identificar los problemas que el modelo de la diversidad funcional plantea en la \u00e9tica aplicada, y se centra en dos de ellos. El primero es: si el que ahora consideramos deficiencia es interpretado \u00fanicamente como diversidad, qu\u00e9 argumentos tendr\u00edamos por no respetar la decisi\u00f3n de unos padres de no corregir una deficiencia f\u00edsica, intelectual o del desarrollo de sus hijos, pudiendo hacerlo con una terapia eficaz, razonable y sin peligros? Y para impedir que los produzcan una deficiencia? La segunda cuesti\u00f3n es: c\u00f3mo justificar la necesidad de discriminaci\u00f3n positiva (m\u00e1s recursos y atenciones y m\u00e1s investigaci\u00f3n m\u00e9dica y tecnol\u00f3gica a las personas con diversidad funcional) e incluso de apoyo, si se considera que su manera de funcionar no es ni mejor ni peor que las otras?<\/p>\n<blockquote><p><a href=\"https:\/\/www.canimas.eu\/wp-content\/uploads\/2017\/07\/2015-\u00bfDiscapacidad-o-diversidad-Canimas-J..pdf\" target=\"_blank\" rel=\"noopener noreferrer\">Ver art\u00edculo<\/a><\/p><\/blockquote>\n","protected":false},"excerpt":{"rendered":"<p>Hasta hoy disponemos de tres paradigmas para pensar lo que a\u00fan llamamos discapacidad: el m\u00e9dico, el social y el biopsicosocial. El Foro de Vida Independiente y los autores y activistas que ayudan a profundizar y a extender sus propuestas celebran el avance que ha supuesto el paradigma biopsicosocial, pero no lo comparten y proponen un nuevo modelo que llaman de la diversidad funcional, una versi\u00f3n hermen\u00e9utica del paradigma social.<\/p>\n<p>Este art\u00edculo intenta identificar los problemas que el modelo de la diversidad funcional plantea a la \u00e9tica aplicada, y se centra en dos de ellos. El primero es: si lo que ahora consideramos deficiencia es interpretado \u00fanicamente como diversidad, \u00bfqu\u00e9 argumentos tendr\u00edamos para no respetar la decisi\u00f3n de unos padres de no corregir una deficiencia f\u00edsica, intelectual o del desarrollo de sus hijos, pudi\u00e9ndolo hacer con una terapia eficaz, razonable y sin riesgos? \u00bfY para impedir que les produzcan una deficiencia? El segundo problema es: \u00bfC\u00f3mo justificar la necesidad de discriminaci\u00f3n positiva (m\u00e1s recursos y atenciones y m\u00e1s investigaci\u00f3n m\u00e9dica y tecnol\u00f3gica a las personas con diversidad funcional ) e incluso de apoyo, si se considera que su manera de funcionar no es ni mejor ni peor que las otras?<\/p>\n<blockquote><p><a href=\"http:\/\/www.canimas.eu\/wp-content\/uploads\/2017\/07\/2015-\u00bfDiscapacidad-o-diversidad-Canimas-J..pdf\" target=\"_blank\" rel=\"noopener noreferrer\">Ver art\u00edculo<\/a><\/p><\/blockquote>\n","protected":false},"author":8,"featured_media":5871,"comment_status":"closed","ping_status":"closed","sticky":false,"template":"","format":"standard","meta":{"_acf_changed":false,"footnotes":""},"categories":[556],"tags":[449],"ambit":[655],"tema":[],"class_list":["post-5737","post","type-post","status-publish","format-standard","has-post-thumbnail","hentry","category-publicaciones","tag-diversidad-funcional","ambit-diversidad-funcional"],"acf":[],"_links":{"self":[{"href":"https:\/\/canimas.eu\/es\/wp-json\/wp\/v2\/posts\/5737","targetHints":{"allow":["GET"]}}],"collection":[{"href":"https:\/\/canimas.eu\/es\/wp-json\/wp\/v2\/posts"}],"about":[{"href":"https:\/\/canimas.eu\/es\/wp-json\/wp\/v2\/types\/post"}],"author":[{"embeddable":true,"href":"https:\/\/canimas.eu\/es\/wp-json\/wp\/v2\/users\/8"}],"replies":[{"embeddable":true,"href":"https:\/\/canimas.eu\/es\/wp-json\/wp\/v2\/comments?post=5737"}],"version-history":[{"count":0,"href":"https:\/\/canimas.eu\/es\/wp-json\/wp\/v2\/posts\/5737\/revisions"}],"wp:featuredmedia":[{"embeddable":true,"href":"https:\/\/canimas.eu\/es\/wp-json\/wp\/v2\/media\/5871"}],"wp:attachment":[{"href":"https:\/\/canimas.eu\/es\/wp-json\/wp\/v2\/media?parent=5737"}],"wp:term":[{"taxonomy":"category","embeddable":true,"href":"https:\/\/canimas.eu\/es\/wp-json\/wp\/v2\/categories?post=5737"},{"taxonomy":"post_tag","embeddable":true,"href":"https:\/\/canimas.eu\/es\/wp-json\/wp\/v2\/tags?post=5737"},{"taxonomy":"ambit","embeddable":true,"href":"https:\/\/canimas.eu\/es\/wp-json\/wp\/v2\/ambit?post=5737"},{"taxonomy":"tema","embeddable":true,"href":"https:\/\/canimas.eu\/es\/wp-json\/wp\/v2\/tema?post=5737"}],"curies":[{"name":"wp","href":"https:\/\/api.w.org\/{rel}","templated":true}]}}