{"id":5754,"date":"2016-02-05T08:06:01","date_gmt":"2016-02-05T07:06:01","guid":{"rendered":"https:\/\/www.canimas.eu\/vv-aa-2016-cortometraje-decidir-por-otro-guion-de-joan-canimas-y-sergio-dominguez-uoc\/"},"modified":"2022-11-14T11:18:55","modified_gmt":"2022-11-14T10:18:55","slug":"vv-aa-2016-cortometraje-decidir-por-otro-guion-de-joan-canimas-y-sergio-dominguez-uoc","status":"publish","type":"post","link":"https:\/\/canimas.eu\/es\/vv-aa-2016-cortometraje-decidir-por-otro-guion-de-joan-canimas-y-sergio-dominguez-uoc\/","title":{"rendered":"VV.AA. (2016): Cortometraje Decidir por otro. Guion de Joan Canimas y Sergio Dominguez. UOC."},"content":{"rendered":"<div class=\"wpb-content-wrapper\"><p>[vc_row][vc_column][vc_column_text]<em>Decidir por otro<\/em> es un corto documental ficticio de 9 minutos que fue creado como recurso pedag\u00f3gico para la asignatura de <em>\u00c9tica aplicada a la educaci\u00f3n social<\/em>, de la Universitat Oberta de Catalunya (UOC).<\/p>\n<p>Narra una parte de la vida de Pepe, un hombre de mediana edad que llevaba una vida licenciosa hasta que sufre un ictus. Este accidente vascular cerebral motiva una limitaci\u00f3n jur\u00eddica de su capacidad para obrar, el ingreso en un centro residencial y una vida ordenada que \u00e9l no desea, la cual cosa plantea una problem\u00e1tica \u00e9tica en los profesionales que lo cuidan.<\/p>\n<blockquote><p><a href=\"https:\/\/www.youtube.com\/watch?v=9vn0HybcBNw\" target=\"_blank\" rel=\"noopener\">Ver video<\/a><\/p><\/blockquote>\n<p>[\/vc_column_text][\/vc_column][\/vc_row]<\/p>\n<\/div>","protected":false},"excerpt":{"rendered":"<p><em>Decidir por otro<\/em> es un corto documental ficticio de 9 minutos que fue creado como recurso pedag\u00f3gico para la asignatura de <em>\u00c9tica aplicada a la educaci\u00f3n social<\/em>, de la Universitat Oberta de Catalunya (UOC).<\/p>\n<p>Narra una parte de la vida de Pepe, un hombre de mediana edad que llevaba una vida licenciosa hasta que sufre un ictus. Este accidente vascular cerebral motiva una limitaci\u00f3n jur\u00eddica de su capacidad para obrar, el ingreso en un centro residencial y una vida ordenada que \u00e9l no desea, la cual cosa plantea una problem\u00e1tica \u00e9tica en los profesionales que lo cuidan.<\/p>\n<blockquote><p><a href=\"https:\/\/www.youtube.com\/watch?v=9vn0HybcBNw\" target=\"_blank\" rel=\"noopener\">Ver video<\/a><\/p><\/blockquote>\n","protected":false},"author":1,"featured_media":5897,"comment_status":"closed","ping_status":"closed","sticky":false,"template":"","format":"standard","meta":{"_acf_changed":false,"footnotes":""},"categories":[556],"tags":[449,461,463,464],"ambit":[655,650],"tema":[643],"class_list":["post-5754","post","type-post","status-publish","format-standard","has-post-thumbnail","hentry","category-publicaciones","tag-diversidad-funcional","tag-libertad","tag-salud-mental","tag-servicios-sociales","ambit-diversidad-funcional","ambit-servicios-sociales","tema-libertad"],"acf":[],"_links":{"self":[{"href":"https:\/\/canimas.eu\/es\/wp-json\/wp\/v2\/posts\/5754","targetHints":{"allow":["GET"]}}],"collection":[{"href":"https:\/\/canimas.eu\/es\/wp-json\/wp\/v2\/posts"}],"about":[{"href":"https:\/\/canimas.eu\/es\/wp-json\/wp\/v2\/types\/post"}],"author":[{"embeddable":true,"href":"https:\/\/canimas.eu\/es\/wp-json\/wp\/v2\/users\/1"}],"replies":[{"embeddable":true,"href":"https:\/\/canimas.eu\/es\/wp-json\/wp\/v2\/comments?post=5754"}],"version-history":[{"count":0,"href":"https:\/\/canimas.eu\/es\/wp-json\/wp\/v2\/posts\/5754\/revisions"}],"wp:featuredmedia":[{"embeddable":true,"href":"https:\/\/canimas.eu\/es\/wp-json\/wp\/v2\/media\/5897"}],"wp:attachment":[{"href":"https:\/\/canimas.eu\/es\/wp-json\/wp\/v2\/media?parent=5754"}],"wp:term":[{"taxonomy":"category","embeddable":true,"href":"https:\/\/canimas.eu\/es\/wp-json\/wp\/v2\/categories?post=5754"},{"taxonomy":"post_tag","embeddable":true,"href":"https:\/\/canimas.eu\/es\/wp-json\/wp\/v2\/tags?post=5754"},{"taxonomy":"ambit","embeddable":true,"href":"https:\/\/canimas.eu\/es\/wp-json\/wp\/v2\/ambit?post=5754"},{"taxonomy":"tema","embeddable":true,"href":"https:\/\/canimas.eu\/es\/wp-json\/wp\/v2\/tema?post=5754"}],"curies":[{"name":"wp","href":"https:\/\/api.w.org\/{rel}","templated":true}]}}