{"id":5767,"date":"2017-07-14T13:49:48","date_gmt":"2017-07-14T11:49:48","guid":{"rendered":"https:\/\/www.canimas.eu\/vv-aa-2017-diversitat-religiosa-i-laicitat-a-les-escoles-i-hospitals-de-la-ciutat-de-girona-girona-documenta-universitaria\/"},"modified":"2023-12-12T09:48:40","modified_gmt":"2023-12-12T08:48:40","slug":"vv-aa-2017-diversitat-religiosa-i-laicitat-a-les-escoles-i-hospitals-de-la-ciutat-de-girona-girona-documenta-universitaria","status":"publish","type":"post","link":"https:\/\/canimas.eu\/es\/vv-aa-2017-diversitat-religiosa-i-laicitat-a-les-escoles-i-hospitals-de-la-ciutat-de-girona-girona-documenta-universitaria\/","title":{"rendered":"Verg\u00e9s, J. (coord.), Canimas, J., Carreras. C., Molina, E. et alt. (2017): Diversitat religiosa i la\u00efcitat a les escoles i hospitals de la ciutat de Girona, Girona: Documenta Universitaria."},"content":{"rendered":"<p class=\"p1\">Este libro corresponde al informe realizado en el marco de un proyecto de investigaci\u00f3n otorgado a la C\u00e1tedra Ferrater Mora por parte de la Direcci\u00f3n General de Asuntos Religiosos el a\u00f1o 2015 (<em>La la\u00efcitat positiva a Catalunya: raonabilitat, l\u00edmits i aplicacions<\/em>, RELIG2015). La parte central del proyecto consiste en un estudio emp\u00edrico sobre la actitud de determinados colectivos de la ciudad de Girona ante la religi\u00f3n \u00a0y la diversidad religiosa. En concreto, el estudio quiere comprobar qu\u00e9 tratamiento se da\u00a0a\u00a0la religi\u00f3n y la diversidad religiosa en escuelas y hospitales de Girona y ver si se tiene una actitud de laicidad positiva, o no.<\/p>\n<p class=\"p1\">Esta publicaci\u00f3n recoge resultados del proyecto de investigaci\u00f3n financiado el a\u00f1o 2015 por\u00a0la \u00abDirecci\u00f3 General d&#8217;Afers Religiosos\u00bb del \u00abDepartament de Governaci\u00f3 i Relacions Institucionals\u00bb de la Generalitat de Catalunya (<em>La la\u00efcitat positiva a Catalunya: raonabilitat, l\u00edmits i aplicacions<\/em>, RELIG2015) en la C\u00e1tedra Ferrater Mora de Pensamiento Contemporaneo del Departamento de Filosof\u00eda de la Universidad de Girona.<\/p>\n<blockquote>\n<p class=\"p1\"><a style=\"line-height: 1.5;\" href=\"https:\/\/www.canimas.eu\/wp-content\/uploads\/2017\/07\/DiversitatReligiosaiLaicitat-CatedraFerraterMora.pdf\" target=\"_blank\" rel=\"noopener noreferrer\">Ver libro<\/a><\/p>\n<\/blockquote>\n","protected":false},"excerpt":{"rendered":"<p class=\"p1\">Este libro corresponde al informe realizado en el marco de un proyecto de investigaci\u00f3n otorgado a la C\u00e1tedra Ferrater Mora por parte de la Direcci\u00f3n General de Asuntos Religiosos el a\u00f1o 2015 (<em>La la\u00efcitat positiva a Catalunya: raonabilitat, l\u00edmits i aplicacions<\/em>, RELIG2015). La parte central del proyecto consiste en un estudio emp\u00edrico sobre la actitud de determinados colectivos de la ciudad de Girona ante la religi\u00f3n \u00a0y la diversidad religiosa. En concreto, el estudio quiere comprobar qu\u00e9 tratamiento se da\u00a0a\u00a0la religi\u00f3n y la diversidad religiosa en escuelas y hospitales de Girona y ver si se tiene una actitud de laicidad positiva, o no.<\/p>\n<p class=\"p1\">Esta publicaci\u00f3n recoge resultados del proyecto de investigaci\u00f3n financiado el a\u00f1o 2015 por\u00a0la \u00abDirecci\u00f3 General d&#8217;Afers Religiosos\u00bb del \u00abDepartament de Governaci\u00f3 i Relacions Institucionals\u00bb de la Generalitat de Catalunya (<em>La la\u00efcitat positiva a Catalunya: raonabilitat, l\u00edmits i aplicacions<\/em>, RELIG2015) en la C\u00e1tedra Ferrater Mora de Pensamiento Contemporaneo del Departamento de Filosof\u00eda de la Universidad de Girona.<\/p>\n<blockquote>\n<p class=\"p1\"><a style=\"line-height: 1.5;\" href=\"http:\/\/www.canimas.eu\/wp-content\/uploads\/2017\/07\/DiversitatReligiosaiLaicitat-CatedraFerraterMora.pdf\" target=\"_blank\" rel=\"noopener noreferrer\">Ver el libro<\/a><\/p>\n<p>&nbsp;<\/p><\/blockquote>\n","protected":false},"author":8,"featured_media":5995,"comment_status":"closed","ping_status":"closed","sticky":false,"template":"","format":"standard","meta":{"_acf_changed":false,"footnotes":""},"categories":[556],"tags":[458,459],"ambit":[652],"tema":[641],"class_list":["post-5767","post","type-post","status-publish","format-standard","has-post-thumbnail","hentry","category-publicaciones","tag-infancia-adolescencia-juventud","tag-interculturalidad","ambit-infancia-adolescencia-juventud","tema-interculturalidad"],"acf":[],"_links":{"self":[{"href":"https:\/\/canimas.eu\/es\/wp-json\/wp\/v2\/posts\/5767","targetHints":{"allow":["GET"]}}],"collection":[{"href":"https:\/\/canimas.eu\/es\/wp-json\/wp\/v2\/posts"}],"about":[{"href":"https:\/\/canimas.eu\/es\/wp-json\/wp\/v2\/types\/post"}],"author":[{"embeddable":true,"href":"https:\/\/canimas.eu\/es\/wp-json\/wp\/v2\/users\/8"}],"replies":[{"embeddable":true,"href":"https:\/\/canimas.eu\/es\/wp-json\/wp\/v2\/comments?post=5767"}],"version-history":[{"count":0,"href":"https:\/\/canimas.eu\/es\/wp-json\/wp\/v2\/posts\/5767\/revisions"}],"wp:featuredmedia":[{"embeddable":true,"href":"https:\/\/canimas.eu\/es\/wp-json\/wp\/v2\/media\/5995"}],"wp:attachment":[{"href":"https:\/\/canimas.eu\/es\/wp-json\/wp\/v2\/media?parent=5767"}],"wp:term":[{"taxonomy":"category","embeddable":true,"href":"https:\/\/canimas.eu\/es\/wp-json\/wp\/v2\/categories?post=5767"},{"taxonomy":"post_tag","embeddable":true,"href":"https:\/\/canimas.eu\/es\/wp-json\/wp\/v2\/tags?post=5767"},{"taxonomy":"ambit","embeddable":true,"href":"https:\/\/canimas.eu\/es\/wp-json\/wp\/v2\/ambit?post=5767"},{"taxonomy":"tema","embeddable":true,"href":"https:\/\/canimas.eu\/es\/wp-json\/wp\/v2\/tema?post=5767"}],"curies":[{"name":"wp","href":"https:\/\/api.w.org\/{rel}","templated":true}]}}