{"id":5769,"date":"2017-07-24T18:57:33","date_gmt":"2017-07-24T16:57:33","guid":{"rendered":"https:\/\/www.canimas.eu\/vv-aa-2017-autogovern-i-llibertat-apunts-per-a-lanalisi-i-la-transformacio-de-normes-i-practiques-per-a-latencio-a-persones-amb-discapacitat-que-viuen-en-residencies-grup-de-reflexio-detica-a\/"},"modified":"2022-10-07T11:43:39","modified_gmt":"2022-10-07T09:43:39","slug":"vv-aa-2017-autogovern-i-llibertat-apunts-per-a-lanalisi-i-la-transformacio-de-normes-i-practiques-per-a-latencio-a-persones-amb-discapacitat-que-viuen-en-residencies-grup-de-reflexio-detica-a","status":"publish","type":"post","link":"https:\/\/canimas.eu\/es\/vv-aa-2017-autogovern-i-llibertat-apunts-per-a-lanalisi-i-la-transformacio-de-normes-i-practiques-per-a-latencio-a-persones-amb-discapacitat-que-viuen-en-residencies-grup-de-reflexio-detica-a\/","title":{"rendered":"VV.AA. (2017): Autogovern i llibertat. Apunts per a l&#8217;an\u00e0lisi i la transformaci\u00f3 de normes i pr\u00e0ctiques per a l&#8217;atenci\u00f3 a persones amb discapacitat que viuen en resid\u00e8ncies. Grup de Reflexi\u00f3 d&#8217;\u00c8tica Aplicada del Consorci de Serveis Socials de Barcelona."},"content":{"rendered":"<p>Este documento es fruto del trabajo conjunto entre los miembros del Espacio de Reflexi\u00f3n \u00c9tica del Consorcio de Servicios Sociales de Barcelona y algunas mujeres y hombres que viven en las residencias para personas con diversidad funcional de la ciudad de Barcelona.<\/p>\n<p>Identifica situaciones en las cuales se vulnera la libertad de las personas con diversidad funcional y tambi\u00e9n situaciones complejas que es urgente abordar. Parte de una cuesti\u00f3n muy simple: tener una diversidad funcional f\u00edsica no puede justificar nunca una limitaci\u00f3n de la libertad en defensa de los derechos de la propia persona; una diversidad funcional intelectual, en cambio, si que puede ser motivo de ello en algunas ocasiones que tienen que estar muy bien justificadas, porque la responsabilidad que tenemos respecto a los otros nos obliga a proteger su dignidad y derechos fundamentales cuando la persona no tiene capacidad para hacerlo.<\/p>\n<p>&nbsp;<\/p>\n<blockquote><p><a href=\"https:\/\/www.canimas.eu\/wp-content\/uploads\/2017\/07\/2017-Autogovern-i-llibertat.pdf\" target=\"_blank\" rel=\"noopener noreferrer\">Ver el documento<\/a><\/p><\/blockquote>\n","protected":false},"excerpt":{"rendered":"<p>Este documento es fruto del trabajo conjunto entre los miembros del Espacio de Reflexi\u00f3n \u00c9tica del Consorcio de Servicios Sociales de Barcelona y algunas mujeres y hombres que viven en las residencias para personas con diversidad funcional de la ciudad de Barcelona.<\/p>\n<p>Identifica situaciones en las cuales se vulnera la libertad de las personas con diversidad funcional y tambi\u00e9n situaciones complejas que es urgente abordar. Parte de una cuesti\u00f3n muy simple: tener una diversidad funcional f\u00edsica no puede justificar nunca una limitaci\u00f3n de la libertad en defensa de los derechos de la propia persona; una diversidad funcional intelectual, en cambio, si que puede ser motivo de ello en algunas ocasiones que tienen que estar muy bien justificadas, porque la responsabilidad que tenemos respecto a los otros nos obliga a proteger su dignidad y derechos fundamentales cuando la persona no tiene capacidad para hacerlo.<\/p>\n<blockquote><p><a href=\"http:\/\/www.canimas.eu\/wp-content\/uploads\/2017\/07\/2017-Autogovern-i-llibertat.pdf\" target=\"_blank\" rel=\"noopener noreferrer\">Ver el documento<\/a><\/p><\/blockquote>\n","protected":false},"author":7,"featured_media":6013,"comment_status":"closed","ping_status":"closed","sticky":false,"template":"","format":"standard","meta":{"_acf_changed":false,"footnotes":""},"categories":[556],"tags":[449,461],"ambit":[655],"tema":[643],"class_list":["post-5769","post","type-post","status-publish","format-standard","has-post-thumbnail","hentry","category-publicaciones","tag-diversidad-funcional","tag-libertad","ambit-diversidad-funcional","tema-libertad"],"acf":[],"_links":{"self":[{"href":"https:\/\/canimas.eu\/es\/wp-json\/wp\/v2\/posts\/5769","targetHints":{"allow":["GET"]}}],"collection":[{"href":"https:\/\/canimas.eu\/es\/wp-json\/wp\/v2\/posts"}],"about":[{"href":"https:\/\/canimas.eu\/es\/wp-json\/wp\/v2\/types\/post"}],"author":[{"embeddable":true,"href":"https:\/\/canimas.eu\/es\/wp-json\/wp\/v2\/users\/7"}],"replies":[{"embeddable":true,"href":"https:\/\/canimas.eu\/es\/wp-json\/wp\/v2\/comments?post=5769"}],"version-history":[{"count":0,"href":"https:\/\/canimas.eu\/es\/wp-json\/wp\/v2\/posts\/5769\/revisions"}],"wp:featuredmedia":[{"embeddable":true,"href":"https:\/\/canimas.eu\/es\/wp-json\/wp\/v2\/media\/6013"}],"wp:attachment":[{"href":"https:\/\/canimas.eu\/es\/wp-json\/wp\/v2\/media?parent=5769"}],"wp:term":[{"taxonomy":"category","embeddable":true,"href":"https:\/\/canimas.eu\/es\/wp-json\/wp\/v2\/categories?post=5769"},{"taxonomy":"post_tag","embeddable":true,"href":"https:\/\/canimas.eu\/es\/wp-json\/wp\/v2\/tags?post=5769"},{"taxonomy":"ambit","embeddable":true,"href":"https:\/\/canimas.eu\/es\/wp-json\/wp\/v2\/ambit?post=5769"},{"taxonomy":"tema","embeddable":true,"href":"https:\/\/canimas.eu\/es\/wp-json\/wp\/v2\/tema?post=5769"}],"curies":[{"name":"wp","href":"https:\/\/api.w.org\/{rel}","templated":true}]}}