{"id":5786,"date":"2018-08-13T19:35:11","date_gmt":"2018-08-13T17:35:11","guid":{"rendered":"https:\/\/www.canimas.eu\/canimas-j-2018-arquitectura-de-la-cura-en-io-convocatoria-del-palau-macaya-articulos-de-reflexion-tribuna-fedaia-2018-pag-30-34\/"},"modified":"2022-10-07T10:09:47","modified_gmt":"2022-10-07T08:09:47","slug":"canimas-j-2018-arquitectura-de-la-cura-en-io-convocatoria-del-palau-macaya-articulos-de-reflexion-tribuna-fedaia-2018-pag-30-34","status":"publish","type":"post","link":"https:\/\/canimas.eu\/es\/canimas-j-2018-arquitectura-de-la-cura-en-io-convocatoria-del-palau-macaya-articulos-de-reflexion-tribuna-fedaia-2018-pag-30-34\/","title":{"rendered":"Canimas, J. (2018): \u00abArquitectura de la cura\u00bb en I\u00ba Convocatoria del Palau Macaya: Art\u00edculos de Reflexi\u00f3n Tribuna FEDAIA, 2018, p\u00e1g. 30-34."},"content":{"rendered":"<p>Las personas somos el lugar donde estamos, nos construimos y cuidamos construyendo y cuidando el hogar que habitamos. La construcci\u00f3n y el cuidado de los lugares, pero, es casi impensada por los profesionales de la acci\u00f3n psico-socio-educativa y sanitaria. Buena muestra de la poca importancia que se da a la arquitectura en la acci\u00f3n psico-socio-educativa y sanitaria es que en las actuales estructuras de acogida, la relaci\u00f3n entre la necesidad de reconfortarse y el confort es inversamente proporcional: a m\u00e1s necesidad de fortalecerse en\u00a0cuerpo y alma, menos\u00a0confort en el espacio. Solemos aparcar las personas en situaci\u00f3n de vulnerabilidad en zonas-trans, en no-lugares.<\/p>\n<blockquote><p><a href=\"http:\/\/www.canimas.eu\/wp-content\/uploads\/2018\/08\/Arquitectura-del-cuidado.p2018.Tribuna-FEDAIA.Joan-Canimas.pdf\" target=\"_blank\" rel=\"noopener noreferrer\"><strong>Ver traducci\u00f3n al castellano<\/strong><\/a><\/p>\n<p><a href=\"http:\/\/www.canimas.eu\/wp-content\/uploads\/2018\/08\/Publicacions-2018.Del-model-institucional-al-model-comunitari.JoanCanimas.Fedaia.pdf\" target=\"_blank\" rel=\"noopener noreferrer\"><strong>Ver la revista<\/strong><\/a><\/p><\/blockquote>\n","protected":false},"excerpt":{"rendered":"<p>Las personas somos el lugar donde estamos, nos construimos y cuidamos construyendo y cuidando el hogar que habitamos. La construcci\u00f3n y el cuidado de los lugares, pero, es casi impensada por los profesionales de la acci\u00f3n psico-socio-educativa y sanitaria. Buena muestra de la poca importancia que se da a la arquitectura en la acci\u00f3n psico-socio-educativa y sanitaria es que en las actuales estructuras de acogida, la relaci\u00f3n entre la necesidad de reconfortarse y el confort es inversamente proporcional: a m\u00e1s necesidad de fortalecerse en\u00a0cuerpo y alma, menos\u00a0confort en el espacio. Solemos aparcar las personas en situaci\u00f3n de vulnerabilidad en zonas-trans, en no-lugares.<\/p>\n<blockquote><p><a href=\"http:\/\/www.canimas.eu\/wp-content\/uploads\/2018\/08\/Arquitectura-del-cuidado.p2018.Tribuna-FEDAIA.Joan-Canimas.pdf\" target=\"_blank\" rel=\"noopener noreferrer\"><strong>Ver traducci\u00f3n al castellano<\/strong><\/a><\/p>\n<p><a href=\"http:\/\/www.canimas.eu\/wp-content\/uploads\/2018\/08\/Publicacions-2018.Del-model-institucional-al-model-comunitari.JoanCanimas.Fedaia.pdf\" target=\"_blank\" rel=\"noopener noreferrer\"><strong>Ver la revista<\/strong><\/a><\/p><\/blockquote>\n","protected":false},"author":8,"featured_media":6153,"comment_status":"closed","ping_status":"closed","sticky":false,"template":"","format":"standard","meta":{"_acf_changed":false,"footnotes":""},"categories":[556],"tags":[453,457,460,461],"ambit":[650],"tema":[648,640,642,643],"class_list":["post-5786","post","type-post","status-publish","format-standard","has-post-thumbnail","hentry","category-publicaciones","tag-etica-de-los-espacios","tag-hospitalidad-buen-trato-cuidado","tag-intimidad","tag-libertad","ambit-servicios-sociales","tema-etica-de-los-espacios","tema-hospitalidad-buen-trato-cuidado","tema-intimidad","tema-libertad"],"acf":[],"_links":{"self":[{"href":"https:\/\/canimas.eu\/es\/wp-json\/wp\/v2\/posts\/5786","targetHints":{"allow":["GET"]}}],"collection":[{"href":"https:\/\/canimas.eu\/es\/wp-json\/wp\/v2\/posts"}],"about":[{"href":"https:\/\/canimas.eu\/es\/wp-json\/wp\/v2\/types\/post"}],"author":[{"embeddable":true,"href":"https:\/\/canimas.eu\/es\/wp-json\/wp\/v2\/users\/8"}],"replies":[{"embeddable":true,"href":"https:\/\/canimas.eu\/es\/wp-json\/wp\/v2\/comments?post=5786"}],"version-history":[{"count":0,"href":"https:\/\/canimas.eu\/es\/wp-json\/wp\/v2\/posts\/5786\/revisions"}],"wp:featuredmedia":[{"embeddable":true,"href":"https:\/\/canimas.eu\/es\/wp-json\/wp\/v2\/media\/6153"}],"wp:attachment":[{"href":"https:\/\/canimas.eu\/es\/wp-json\/wp\/v2\/media?parent=5786"}],"wp:term":[{"taxonomy":"category","embeddable":true,"href":"https:\/\/canimas.eu\/es\/wp-json\/wp\/v2\/categories?post=5786"},{"taxonomy":"post_tag","embeddable":true,"href":"https:\/\/canimas.eu\/es\/wp-json\/wp\/v2\/tags?post=5786"},{"taxonomy":"ambit","embeddable":true,"href":"https:\/\/canimas.eu\/es\/wp-json\/wp\/v2\/ambit?post=5786"},{"taxonomy":"tema","embeddable":true,"href":"https:\/\/canimas.eu\/es\/wp-json\/wp\/v2\/tema?post=5786"}],"curies":[{"name":"wp","href":"https:\/\/api.w.org\/{rel}","templated":true}]}}