{"id":5799,"date":"2019-10-24T09:16:32","date_gmt":"2019-10-24T07:16:32","guid":{"rendered":"https:\/\/www.canimas.eu\/canimas-j-2019-sobre-la-distincion-entre-problematicas-eticas-tecnocientificas-y-politicas-en-la-necesaria-mirada-etica-en-trabajo-social-paraninfo-pag-11-22\/"},"modified":"2022-11-03T09:38:25","modified_gmt":"2022-11-03T08:38:25","slug":"canimas-j-2019-sobre-la-distincion-entre-problematicas-eticas-tecnocientificas-y-politicas-en-la-necesaria-mirada-etica-en-trabajo-social-paraninfo-pag-11-22","status":"publish","type":"post","link":"https:\/\/canimas.eu\/es\/canimas-j-2019-sobre-la-distincion-entre-problematicas-eticas-tecnocientificas-y-politicas-en-la-necesaria-mirada-etica-en-trabajo-social-paraninfo-pag-11-22\/","title":{"rendered":"Canimas, J. (2019): \u00abSobre la distinci\u00f3n entre problem\u00e1ticas \u00e9ticas, tecnocient\u00edficas y pol\u00edticas\u00bb, en La necesaria mirada \u00e9tica en Trabajo Social, Paraninfo, p\u00e1g. 11-22."},"content":{"rendered":"<div class=\"wpb-content-wrapper\"><p>[vc_row][vc_column][vc_custom_heading source=\u00bbpost_title\u00bb font_container=\u00bbtag:h3|font_size:18px|text_align:left\u00bb use_theme_fonts=\u00bbyes\u00bb el_class=\u00bbtitol-post-custom\u00bb][vc_column_text]<\/p>\n<p class=\"p1\">La \u00e9tica es un elemento fundamental en todas las profesiones y, m\u00e1s a\u00fan, en las profesiones en las que la\u00a0persona es el eje en torno al cual gira el quehacer profesional. Este es el caso del trabajo social, profesi\u00f3n que,\u00a0adem\u00e1s, act\u00faa sobre personas y colectivos que muchas veces se encuentran en situaciones de desprotecci\u00f3n\u00a0o devulnerabilidad. Por ello, es necesario adquirir una \u201cmirada \u00e9tica\u201d que permita afrontar esas cuestiones\u00a0\u00e9ticas y mirar a los ojos de las personas usuarias con valores y principios \u00e9ticos profesionales compartidos.<\/p>\n<p class=\"p1\">Esta obra pretende ser un referente, tanto para estudiantes y profesorado de trabajo social, como para las y los\u00a0profesionales de la intervenci\u00f3n social que se encuentran cada d\u00eda con dilemas y cuestiones \u00e9ticas. Se dirige,\u00a0por tanto, no solo al \u00e1mbito acad\u00e9mico sino tambi\u00e9n al profesional, con el objetivo de servir como gu\u00eda\u00a0y orientaci\u00f3n para el abordaje de las problem\u00e1ticas \u00e9ticas.<\/p>\n<blockquote><p><a href=\"http:\/\/www.canimas.eu\/wp-content\/uploads\/2019\/10\/Publicacions-2019.Fitxa_.Sobre-la-distincion-entre-problematicas-eticas-tecnocientificas-y-politicas.La-necesaria-mirada-etica-en-Trabajo-Social.Consejo-General-Trabajo-Social.Joan-Canimas.pdf\" target=\"_blank\" rel=\"noopener\"><strong>Ver ficha<\/strong><\/a><\/p><\/blockquote>\n<p>[\/vc_column_text][\/vc_column][\/vc_row]<\/p>\n<\/div>","protected":false},"excerpt":{"rendered":"<p class=\"p1\">La \u00e9tica es un elemento fundamental en todas las profesiones y, m\u00e1s a\u00fan, en las profesiones en las que la\u00a0persona es el eje en torno al cual gira el quehacer profesional. Este es el caso del trabajo social, profesi\u00f3n que,\u00a0adem\u00e1s, act\u00faa sobre personas y colectivos que muchas veces se encuentran en situaciones de desprotecci\u00f3n\u00a0o devulnerabilidad. Por ello, es necesario adquirir una \u201cmirada \u00e9tica\u201d que permita afrontar esas cuestiones\u00a0\u00e9ticas y mirar a los ojos de las personas usuarias con valores y principios \u00e9ticos profesionales compartidos.<\/p>\n<p class=\"p1\">Esta obra pretende ser un referente, tanto para estudiantes y profesorado de trabajo social, como para las y los\u00a0profesionales de la intervenci\u00f3n social que se encuentran cada d\u00eda con dilemas y cuestiones \u00e9ticas. Se dirige,\u00a0por tanto, no solo al \u00e1mbito acad\u00e9mico sino tambi\u00e9n al profesional, con el objetivo de servir como gu\u00eda\u00a0y orientaci\u00f3n para el abordaje de las problem\u00e1ticas \u00e9ticas.<\/p>\n<blockquote><p><a href=\"http:\/\/www.canimas.eu\/wp-content\/uploads\/2019\/10\/Publicacions-2019.Fitxa_.Sobre-la-distincion-entre-problematicas-eticas-tecnocientificas-y-politicas.La-necesaria-mirada-etica-en-Trabajo-Social.Consejo-General-Trabajo-Social.Joan-Canimas.pdf\" target=\"_blank\" rel=\"noopener\"><strong>Ver ficha<\/strong><\/a><\/p><\/blockquote>\n","protected":false},"author":8,"featured_media":6219,"comment_status":"closed","ping_status":"closed","sticky":false,"template":"","format":"standard","meta":{"_acf_changed":false,"footnotes":""},"categories":[556],"tags":[454,462],"ambit":[],"tema":[649,644],"class_list":["post-5799","post","type-post","status-publish","format-standard","has-post-thumbnail","hentry","category-publicaciones","tag-etica-general","tag-metodologia-deliberativa-2","tema-etica-general-es","tema-metodologia-deliberativa-es"],"acf":[],"_links":{"self":[{"href":"https:\/\/canimas.eu\/es\/wp-json\/wp\/v2\/posts\/5799","targetHints":{"allow":["GET"]}}],"collection":[{"href":"https:\/\/canimas.eu\/es\/wp-json\/wp\/v2\/posts"}],"about":[{"href":"https:\/\/canimas.eu\/es\/wp-json\/wp\/v2\/types\/post"}],"author":[{"embeddable":true,"href":"https:\/\/canimas.eu\/es\/wp-json\/wp\/v2\/users\/8"}],"replies":[{"embeddable":true,"href":"https:\/\/canimas.eu\/es\/wp-json\/wp\/v2\/comments?post=5799"}],"version-history":[{"count":0,"href":"https:\/\/canimas.eu\/es\/wp-json\/wp\/v2\/posts\/5799\/revisions"}],"wp:featuredmedia":[{"embeddable":true,"href":"https:\/\/canimas.eu\/es\/wp-json\/wp\/v2\/media\/6219"}],"wp:attachment":[{"href":"https:\/\/canimas.eu\/es\/wp-json\/wp\/v2\/media?parent=5799"}],"wp:term":[{"taxonomy":"category","embeddable":true,"href":"https:\/\/canimas.eu\/es\/wp-json\/wp\/v2\/categories?post=5799"},{"taxonomy":"post_tag","embeddable":true,"href":"https:\/\/canimas.eu\/es\/wp-json\/wp\/v2\/tags?post=5799"},{"taxonomy":"ambit","embeddable":true,"href":"https:\/\/canimas.eu\/es\/wp-json\/wp\/v2\/ambit?post=5799"},{"taxonomy":"tema","embeddable":true,"href":"https:\/\/canimas.eu\/es\/wp-json\/wp\/v2\/tema?post=5799"}],"curies":[{"name":"wp","href":"https:\/\/api.w.org\/{rel}","templated":true}]}}