{"id":5805,"date":"2020-08-20T07:38:06","date_gmt":"2020-08-20T05:38:06","guid":{"rendered":"https:\/\/www.canimas.eu\/canimas-brugue-j-2020-en-el-extremo-de-los-nadie-en-sexualidad-y-diversidad-funcional-cuadernos-de-la-fundacio-grifols-i-lucas-num-54-barcelona-pp-7-10\/"},"modified":"2022-11-03T09:31:31","modified_gmt":"2022-11-03T08:31:31","slug":"canimas-brugue-j-2020-en-el-extremo-de-los-nadie-en-sexualidad-y-diversidad-funcional-cuadernos-de-la-fundacio-grifols-i-lucas-num-54-barcelona-pp-7-10","status":"publish","type":"post","link":"https:\/\/canimas.eu\/es\/canimas-brugue-j-2020-en-el-extremo-de-los-nadie-en-sexualidad-y-diversidad-funcional-cuadernos-de-la-fundacio-grifols-i-lucas-num-54-barcelona-pp-7-10\/","title":{"rendered":"Canimas Brugu\u00e9, J. (2020): \u00abEn el extremo de los nadie\u00bb, en Sexualidad y diversidad funcional, Cuadernos de la Fundaci\u00f3 Gr\u00edfols i Lucas, n\u00fam. 54, Barcelona, pp. 7-10."},"content":{"rendered":"<div class=\"wpb-content-wrapper\"><p>[vc_row][vc_column][vc_custom_heading source=\u00bbpost_title\u00bb font_container=\u00bbtag:h3|font_size:18px|text_align:left\u00bb use_theme_fonts=\u00bbyes\u00bb el_class=\u00bbtitol-post-custom\u00bb][vc_column_text]<\/p>\n<p class=\"p1\">El 27 de noviembre de 2019 se celebr\u00f3 en Barcelona un seminario en el que se someti\u00f3 a debate el documento \u00abEl acompa\u00f1amiento afectivo, er\u00f3tico y sexual a personas con diversidad intelectual y medidas de soporte legal\u00bb redactado por Joan Canimas Brugu\u00e9. El documento abordaba tres cuestiones: (i) si era necesario el consentimiento del tutor para que una persona con diversidad intelectual y modificaci\u00f3n jur\u00eddica de la capacidad de obrar pudiera tener relaciones sexuales con un o una trabajadora sexual; (ii) donde situar la asistencia sexual en el debate sobre la prostituci\u00f3n y (iii) la posibilidad o no de objeci\u00f3n de conciencia para aquellos profesionales que consideren que el acompa\u00f1amiento a servicios afectivos, er\u00f3ticos o sexuales atenta contra sus creencias morales. El Cuaderno <i>Sexualidad y diversidad funcional<\/i> recoge las conclusiones de este seminario organizado por la Fundaci\u00f3 V\u00edctor Gr\u00edfols i Lucas.<\/p>\n<p>&nbsp;<\/p>\n<blockquote><p><a href=\"https:\/\/www.fundaciogrifols.org\/es\/web\/fundacio\/-\/54-sexualidad-y-diversidad-funcional\" target=\"_blank\" rel=\"noopener\"><strong>Ver la revista<\/strong><\/a><\/p><\/blockquote>\n<p>[\/vc_column_text][\/vc_column][\/vc_row]<\/p>\n<\/div>","protected":false},"excerpt":{"rendered":"<p class=\"p1\">El 27 de noviembre de 2019 se celebr\u00f3 en Barcelona un seminario en el que se someti\u00f3 a debate el documento \u00abEl acompa\u00f1amiento afectivo, er\u00f3tico y sexual a personas con diversidad intelectual y medidas de soporte legal\u00bb redactado por Joan Canimas Brugu\u00e9. El documento abordaba tres cuestiones: (i) si era necesario el consentimiento del tutor para que una persona con diversidad intelectual y modificaci\u00f3n jur\u00eddica de la capacidad de obrar pudiera tener relaciones sexuales con un o una trabajadora sexual; (ii) donde situar la asistencia sexual en el debate sobre la prostituci\u00f3n y (iii) la posibilidad o no de objeci\u00f3n de conciencia para aquellos profesionales que consideren que el acompa\u00f1amiento a servicios afectivos, er\u00f3ticos o sexuales atenta contra sus creencias morales. El Cuaderno <i>Sexualidad y diversidad funcional<\/i> recoge las conclusiones de este seminario organizado por la Fundaci\u00f3 V\u00edctor Gr\u00edfols i Lucas.<\/p>\n<p>&nbsp;<\/p>\n<blockquote><p><a href=\"https:\/\/www.fundaciogrifols.org\/es\/web\/fundacio\/-\/54-sexualidad-y-diversidad-funcional\" target=\"_blank\" rel=\"noopener\"><strong>Ver la revista<\/strong><\/a><\/p><\/blockquote>\n","protected":false},"author":8,"featured_media":6245,"comment_status":"open","ping_status":"open","sticky":false,"template":"","format":"standard","meta":{"_acf_changed":false,"footnotes":""},"categories":[556],"tags":[449,461,565],"ambit":[655],"tema":[643,645],"class_list":["post-5805","post","type-post","status-publish","format-standard","has-post-thumbnail","hentry","category-publicaciones","tag-diversidad-funcional","tag-libertad","tag-sexoafectividad","ambit-diversidad-funcional","tema-libertad","tema-sexoafectividad"],"acf":[],"_links":{"self":[{"href":"https:\/\/canimas.eu\/es\/wp-json\/wp\/v2\/posts\/5805","targetHints":{"allow":["GET"]}}],"collection":[{"href":"https:\/\/canimas.eu\/es\/wp-json\/wp\/v2\/posts"}],"about":[{"href":"https:\/\/canimas.eu\/es\/wp-json\/wp\/v2\/types\/post"}],"author":[{"embeddable":true,"href":"https:\/\/canimas.eu\/es\/wp-json\/wp\/v2\/users\/8"}],"replies":[{"embeddable":true,"href":"https:\/\/canimas.eu\/es\/wp-json\/wp\/v2\/comments?post=5805"}],"version-history":[{"count":0,"href":"https:\/\/canimas.eu\/es\/wp-json\/wp\/v2\/posts\/5805\/revisions"}],"wp:featuredmedia":[{"embeddable":true,"href":"https:\/\/canimas.eu\/es\/wp-json\/wp\/v2\/media\/6245"}],"wp:attachment":[{"href":"https:\/\/canimas.eu\/es\/wp-json\/wp\/v2\/media?parent=5805"}],"wp:term":[{"taxonomy":"category","embeddable":true,"href":"https:\/\/canimas.eu\/es\/wp-json\/wp\/v2\/categories?post=5805"},{"taxonomy":"post_tag","embeddable":true,"href":"https:\/\/canimas.eu\/es\/wp-json\/wp\/v2\/tags?post=5805"},{"taxonomy":"ambit","embeddable":true,"href":"https:\/\/canimas.eu\/es\/wp-json\/wp\/v2\/ambit?post=5805"},{"taxonomy":"tema","embeddable":true,"href":"https:\/\/canimas.eu\/es\/wp-json\/wp\/v2\/tema?post=5805"}],"curies":[{"name":"wp","href":"https:\/\/api.w.org\/{rel}","templated":true}]}}