{"id":6614,"date":"1422-05-25T10:04:56","date_gmt":"1422-05-25T10:19:40","guid":{"rendered":"https:\/\/www.canimas.eu\/?p=6614"},"modified":"2022-08-01T09:38:55","modified_gmt":"2022-08-01T07:38:55","slug":"el-rol-de-los-servicios-sociales-en-los-casos-de-escolarizacion-en-casa","status":"publish","type":"post","link":"https:\/\/canimas.eu\/es\/el-rol-de-los-servicios-sociales-en-los-casos-de-escolarizacion-en-casa\/","title":{"rendered":"El rol de los servicios sociales en los casos de escolarizaci\u00f3n en casa"},"content":{"rendered":"<div class=\"wpb-content-wrapper\"><p>[vc_row][vc_column][vc_custom_heading source=\u00bbpost_title\u00bb font_container=\u00bbtag:h3|font_size:18px|text_align:left\u00bb use_theme_fonts=\u00bbyes\u00bb el_class=\u00bbtitol-post-custom\u00bb][vc_column_text]Presentaci\u00f3n y debate entorno el caso \u00ab<a href=\"https:\/\/www.canimas.eu\/wp-content\/uploads\/2022\/05\/Agenda.25-05-22.El-rol-dels-serveis-socials-en-els-casos-d-escolaritzacio-a-casa.Comite-d-etica-aplicada-del-Consell-Comarcal-de-l-Alt-Emporda.Imma-Arrufat-i-Joan-Canimas.pdf\" target=\"_blank\" rel=\"noopener\"><strong>El rol de los servicios sociales en los casos de escolarizaci\u00f3n en casa<\/strong><\/a>\u00bb A cargo de Imma Arrufat y Joan Canimas en la Jornada anual de trabajo del comit\u00e9 de \u00e9tica organizada por el \u00c1rea de Bienestar del Consejo Comarcal del Alt Empord\u00e0, Peralada, 25 de mayo de 2022.[\/vc_column_text][\/vc_column][\/vc_row][vc_row][vc_column][\/vc_column][\/vc_row]<\/p>\n<\/div>","protected":false},"excerpt":{"rendered":"<p>Presentaci\u00f3n y debate entorno el caso \u00ab<a href=\"https:\/\/www.canimas.eu\/wp-content\/uploads\/2022\/05\/Agenda.25-05-22.El-rol-dels-serveis-socials-en-els-casos-d-escolaritzacio-a-casa.Comite-d-etica-aplicada-del-Consell-Comarcal-de-l-Alt-Emporda.Imma-Arrufat-i-Joan-Canimas.pdf\" target=\"_blank\" rel=\"noopener\"><strong>El rol de los servicios sociales en los casos de escolarizaci\u00f3n en casa<\/strong><\/a>\u00bb A cargo de Imma Arrufat y Joan Canimas en la Jornada anual de trabajo del comit\u00e9 de \u00e9tica organizada por el \u00c1rea de Bienestar del Consejo Comarcal del Alt Empord\u00e0, Peralada, 25 de mayo de 2022.<\/p>\n","protected":false},"author":8,"featured_media":0,"comment_status":"closed","ping_status":"closed","sticky":false,"template":"","format":"standard","meta":{"_acf_changed":false,"footnotes":""},"categories":[431],"tags":[450,458],"ambit":[654,652],"tema":[647],"class_list":["post-6614","post","type-post","status-publish","format-standard","hentry","category-conferencia","tag-educacion","tag-infancia-adolescencia-juventud","ambit-educacion","ambit-infancia-adolescencia-juventud","tema-etica-de-las-organizaciones"],"acf":[],"_links":{"self":[{"href":"https:\/\/canimas.eu\/es\/wp-json\/wp\/v2\/posts\/6614","targetHints":{"allow":["GET"]}}],"collection":[{"href":"https:\/\/canimas.eu\/es\/wp-json\/wp\/v2\/posts"}],"about":[{"href":"https:\/\/canimas.eu\/es\/wp-json\/wp\/v2\/types\/post"}],"author":[{"embeddable":true,"href":"https:\/\/canimas.eu\/es\/wp-json\/wp\/v2\/users\/8"}],"replies":[{"embeddable":true,"href":"https:\/\/canimas.eu\/es\/wp-json\/wp\/v2\/comments?post=6614"}],"version-history":[{"count":0,"href":"https:\/\/canimas.eu\/es\/wp-json\/wp\/v2\/posts\/6614\/revisions"}],"wp:attachment":[{"href":"https:\/\/canimas.eu\/es\/wp-json\/wp\/v2\/media?parent=6614"}],"wp:term":[{"taxonomy":"category","embeddable":true,"href":"https:\/\/canimas.eu\/es\/wp-json\/wp\/v2\/categories?post=6614"},{"taxonomy":"post_tag","embeddable":true,"href":"https:\/\/canimas.eu\/es\/wp-json\/wp\/v2\/tags?post=6614"},{"taxonomy":"ambit","embeddable":true,"href":"https:\/\/canimas.eu\/es\/wp-json\/wp\/v2\/ambit?post=6614"},{"taxonomy":"tema","embeddable":true,"href":"https:\/\/canimas.eu\/es\/wp-json\/wp\/v2\/tema?post=6614"}],"curies":[{"name":"wp","href":"https:\/\/api.w.org\/{rel}","templated":true}]}}