{"id":7664,"date":"1423-03-31T11:45:48","date_gmt":"1423-03-31T12:00:32","guid":{"rendered":"https:\/\/www.canimas.eu\/?p=7664"},"modified":"2023-10-27T09:21:15","modified_gmt":"2023-10-27T07:21:15","slug":"7664","status":"publish","type":"post","link":"https:\/\/canimas.eu\/es\/7664\/","title":{"rendered":"La importancia de la \u00e9tica aplicada, hoy."},"content":{"rendered":"<div class=\"wpb-content-wrapper\"><p>[vc_row][vc_column][vc_custom_heading source=\u00bbpost_title\u00bb font_container=\u00bbtag:h3|font_size:18px|text_align:left\u00bb use_theme_fonts=\u00bbyes\u00bb el_class=\u00bbtitol-post-custom\u00bb][vc_column_text]Ponencia inscrita en la PRESENTACI\u00d3N DEL COMIT\u00c9 DE \u00c9TICA SERVICIOS SOCIALES AUTON\u00d3MICO DE VAL\u00c9NCIA. Centre Cultural La Benefici\u00e8ncia, Val\u00e8ncia. 15 de marzo de 2023.<\/p>\n<blockquote><p><a href=\"https:\/\/www.canimas.eu\/wp-content\/uploads\/2023\/05\/2023-conferencia-La-importancia-de-letica-aplicada-avui-Joan-Canimas-i-Brugue.1.jpg\" target=\"_blank\" rel=\"noopener\">Ver imagen 1<\/a><\/p>\n<p><a href=\"https:\/\/www.canimas.eu\/wp-content\/uploads\/2023\/05\/2023-conferencia-La-importancia-de-letica-aplicada-avui-Joan-Canimas-i-Brugue.2.jpg\" target=\"_blank\" rel=\"noopener\">Ver imagen 2<\/a><\/p><\/blockquote>\n<p>[\/vc_column_text][\/vc_column][\/vc_row][vc_row][vc_column][vc_btn title=\u00bbVISUALITZA EL CARTELL DE LA CONFER\u00c8NCIA\u00bb style=\u00bboutline-custom\u00bb outline_custom_color=\u00bb#000000&#8243; outline_custom_hover_background=\u00bb#ffffff\u00bb outline_custom_hover_text=\u00bb#d80044&#8243; shape=\u00bbsquare\u00bb size=\u00bbxs\u00bb align=\u00bbleft\u00bb link=\u00bburl:http%3A%2F%2Fwww.quediriasietparles.cat%2Fcanimas%2Fwp-content%2Fuploads%2F2017%2F05%2Fla_importancia_del_bon_tracte_en_la_practica_assistencial.pdf|title:cartell|target:%20_blank|\u00bb el_class=\u00bbboto-recerques-actuals\u00bb][\/vc_column][\/vc_row]<\/p>\n<\/div>","protected":false},"excerpt":{"rendered":"<p>Ponencia inscrita en la PRESENTACI\u00d3N DEL COMIT\u00c9 DE \u00c9TICA SERVICIOS SOCIALES AUTON\u00d3MICO DE VAL\u00c9NCIA. Centre Cultural La Benefici\u00e8ncia, Val\u00e8ncia. 15 de marzo de 2023.<\/p>\n<blockquote><p><a href=\"https:\/\/www.canimas.eu\/wp-content\/uploads\/2023\/05\/2023-conferencia-La-importancia-de-letica-aplicada-avui-Joan-Canimas-i-Brugue.1.jpg\" target=\"_blank\" rel=\"noopener\">Ver imagen 1<\/a><\/p>\n<p><a href=\"https:\/\/www.canimas.eu\/wp-content\/uploads\/2023\/05\/2023-conferencia-La-importancia-de-letica-aplicada-avui-Joan-Canimas-i-Brugue.2.jpg\" target=\"_blank\" rel=\"noopener\">Ver imagen 2<\/a><\/p><\/blockquote>\n","protected":false},"author":8,"featured_media":0,"comment_status":"closed","ping_status":"closed","sticky":false,"template":"","format":"standard","meta":{"_acf_changed":false,"footnotes":""},"categories":[431],"tags":[454,464],"ambit":[650],"tema":[649],"class_list":["post-7664","post","type-post","status-publish","format-standard","hentry","category-conferencia","tag-etica-general","tag-servicios-sociales","ambit-servicios-sociales","tema-etica-general-es"],"acf":[],"_links":{"self":[{"href":"https:\/\/canimas.eu\/es\/wp-json\/wp\/v2\/posts\/7664","targetHints":{"allow":["GET"]}}],"collection":[{"href":"https:\/\/canimas.eu\/es\/wp-json\/wp\/v2\/posts"}],"about":[{"href":"https:\/\/canimas.eu\/es\/wp-json\/wp\/v2\/types\/post"}],"author":[{"embeddable":true,"href":"https:\/\/canimas.eu\/es\/wp-json\/wp\/v2\/users\/8"}],"replies":[{"embeddable":true,"href":"https:\/\/canimas.eu\/es\/wp-json\/wp\/v2\/comments?post=7664"}],"version-history":[{"count":0,"href":"https:\/\/canimas.eu\/es\/wp-json\/wp\/v2\/posts\/7664\/revisions"}],"wp:attachment":[{"href":"https:\/\/canimas.eu\/es\/wp-json\/wp\/v2\/media?parent=7664"}],"wp:term":[{"taxonomy":"category","embeddable":true,"href":"https:\/\/canimas.eu\/es\/wp-json\/wp\/v2\/categories?post=7664"},{"taxonomy":"post_tag","embeddable":true,"href":"https:\/\/canimas.eu\/es\/wp-json\/wp\/v2\/tags?post=7664"},{"taxonomy":"ambit","embeddable":true,"href":"https:\/\/canimas.eu\/es\/wp-json\/wp\/v2\/ambit?post=7664"},{"taxonomy":"tema","embeddable":true,"href":"https:\/\/canimas.eu\/es\/wp-json\/wp\/v2\/tema?post=7664"}],"curies":[{"name":"wp","href":"https:\/\/api.w.org\/{rel}","templated":true}]}}