{"id":8043,"date":"2017-01-02T10:24:56","date_gmt":"2017-01-02T09:24:56","guid":{"rendered":"https:\/\/www.canimas.eu\/?p=8043"},"modified":"2025-05-21T12:14:28","modified_gmt":"2025-05-21T10:14:28","slug":"8043","status":"publish","type":"post","link":"https:\/\/canimas.eu\/es\/8043\/","title":{"rendered":"Canimas, J. (2017): \u00abC\u00f3mo resolver problem\u00e1ticas \u00e9ticas?\u00bb [recurso de aprendizaje textual]. Fundaci\u00f3 Universitat Oberta de Catalunya (FUOC)."},"content":{"rendered":"<div class=\"wpb-content-wrapper\"><p>[vc_row][vc_column][vc_custom_heading source=\u00bbpost_title\u00bb font_container=\u00bbtag:h3|font_size:18px|text_align:left\u00bb use_theme_fonts=\u00bbyes\u00bb el_class=\u00bbtitol-post-custom\u00bb][vc_column_text]Versi\u00f3n actualizada de la obra publicada el 2016 en catal\u00e1n.\u00a0En la primera parte (<em>El reto<\/em>), se describe la situaci\u00f3n de una chica que explica a su terapeuta y a su educador de referencia que cuando ten\u00eda 12 a\u00f1os sufri\u00f3 abusos sexuales por parte de su padre y se identifican los problemas \u00e9ticos que esta situaci\u00f3n plantea a los profesionales. En la segunda parte (<em>El conocimiento imprescindible<\/em>), se explican las principales propuestas \u00e9ticas qu\u00e9 disponemos (\u00e9ticas dial\u00f3gicas, de las virtudes, principalistas, consecuencialistas y de la compasi\u00f3n) y se presenta una propuesta ecl\u00e9ctica, que el autor denomina \u00e9tica de la complexidad, para abordar problem\u00e1ticas \u00e9ticas en el \u00e1mbito de la acci\u00f3n psicosocioeducativa y sociosanitaria. En la tercera y \u00faltima parte (<em>Las soluciones<\/em>), se analizan las problem\u00e1ticas identificadas en el primer cap\u00edtulo y se aportan soluciones.<\/p>\n<blockquote><p><a href=\"https:\/\/openaccess.uoc.edu\/bitstream\/10609\/140387\/1\/E%c2%bftica%20aplicada%20a%20la%20educacio%c2%bfn%20social_Co%c2%bfmo%20resolver%20problema%c2%bfticas%20e%c2%bfticas.pdf\" target=\"_blank\" rel=\"noopener\">Ver el libro <\/a><\/p><\/blockquote>\n<p>[\/vc_column_text][\/vc_column][\/vc_row]<\/p>\n<\/div>","protected":false},"excerpt":{"rendered":"<p>Versi\u00f3n actualizada de la obra publicada el 2016 en catal\u00e1n.\u00a0En la primera parte (<em>El reto<\/em>), se describe la situaci\u00f3n de una chica que explica a su terapeuta y a su educador de referencia que cuando ten\u00eda 12 a\u00f1os sufri\u00f3 abusos sexuales por parte de su padre y se identifican los problemas \u00e9ticos que esta situaci\u00f3n plantea a los profesionales. En la segunda parte (<em>El conocimiento imprescindible<\/em>), se explican las principales propuestas \u00e9ticas qu\u00e9 disponemos (\u00e9ticas dial\u00f3gicas, de las virtudes, principalistas, consecuencialistas y de la compasi\u00f3n) y se presenta una propuesta ecl\u00e9ctica, que el autor denomina \u00e9tica de la complexidad, para abordar problem\u00e1ticas \u00e9ticas en el \u00e1mbito de la acci\u00f3n psicosocioeducativa y sociosanitaria. En la tercera y \u00faltima parte (<em>Las soluciones<\/em>), se analizan las problem\u00e1ticas identificadas en el primer cap\u00edtulo y se aportan soluciones.<\/p>\n<blockquote><p><a href=\"https:\/\/openaccess.uoc.edu\/bitstream\/10609\/140387\/1\/E%c2%bftica%20aplicada%20a%20la%20educacio%c2%bfn%20social_Co%c2%bfmo%20resolver%20problema%c2%bfticas%20e%c2%bfticas.pdf\" target=\"_blank\" rel=\"noopener\">Ver el libro <\/a><\/p><\/blockquote>\n<p>&nbsp;<\/p>\n","protected":false},"author":8,"featured_media":8040,"comment_status":"closed","ping_status":"closed","sticky":false,"template":"","format":"standard","meta":{"_acf_changed":false,"footnotes":""},"categories":[556],"tags":[458,462],"ambit":[652],"tema":[644],"class_list":["post-8043","post","type-post","status-publish","format-standard","has-post-thumbnail","hentry","category-publicaciones","tag-infancia-adolescencia-juventud","tag-metodologia-deliberativa-2","ambit-infancia-adolescencia-juventud","tema-metodologia-deliberativa-es"],"acf":[],"_links":{"self":[{"href":"https:\/\/canimas.eu\/es\/wp-json\/wp\/v2\/posts\/8043","targetHints":{"allow":["GET"]}}],"collection":[{"href":"https:\/\/canimas.eu\/es\/wp-json\/wp\/v2\/posts"}],"about":[{"href":"https:\/\/canimas.eu\/es\/wp-json\/wp\/v2\/types\/post"}],"author":[{"embeddable":true,"href":"https:\/\/canimas.eu\/es\/wp-json\/wp\/v2\/users\/8"}],"replies":[{"embeddable":true,"href":"https:\/\/canimas.eu\/es\/wp-json\/wp\/v2\/comments?post=8043"}],"version-history":[{"count":0,"href":"https:\/\/canimas.eu\/es\/wp-json\/wp\/v2\/posts\/8043\/revisions"}],"wp:featuredmedia":[{"embeddable":true,"href":"https:\/\/canimas.eu\/es\/wp-json\/wp\/v2\/media\/8040"}],"wp:attachment":[{"href":"https:\/\/canimas.eu\/es\/wp-json\/wp\/v2\/media?parent=8043"}],"wp:term":[{"taxonomy":"category","embeddable":true,"href":"https:\/\/canimas.eu\/es\/wp-json\/wp\/v2\/categories?post=8043"},{"taxonomy":"post_tag","embeddable":true,"href":"https:\/\/canimas.eu\/es\/wp-json\/wp\/v2\/tags?post=8043"},{"taxonomy":"ambit","embeddable":true,"href":"https:\/\/canimas.eu\/es\/wp-json\/wp\/v2\/ambit?post=8043"},{"taxonomy":"tema","embeddable":true,"href":"https:\/\/canimas.eu\/es\/wp-json\/wp\/v2\/tema?post=8043"}],"curies":[{"name":"wp","href":"https:\/\/api.w.org\/{rel}","templated":true}]}}