{"id":8145,"date":"2017-01-01T10:35:56","date_gmt":"2017-01-01T09:35:56","guid":{"rendered":"https:\/\/www.canimas.eu\/?p=8145"},"modified":"2025-05-21T12:26:59","modified_gmt":"2025-05-21T10:26:59","slug":"canimas-i-brugue-j-2017-intimidad-confidencialidad-y-secreto-profesional-1a-ed-recurso-de-aprenendizaje-textual-fundacio-universitat-oberta-de-catalunya-fuoc","status":"publish","type":"post","link":"https:\/\/canimas.eu\/es\/canimas-i-brugue-j-2017-intimidad-confidencialidad-y-secreto-profesional-1a-ed-recurso-de-aprenendizaje-textual-fundacio-universitat-oberta-de-catalunya-fuoc\/","title":{"rendered":"Canimas i Brugu\u00e9, J. (2017): \u201dIntimidad, confidencialidad y secreto profesional\u201d (1a. ed.) [recurso de aprenendizaje textual]. Fundaci\u00f3 Universitat Oberta de Catalunya (FUOC)."},"content":{"rendered":"<div class=\"wpb-content-wrapper\"><p>[vc_row][vc_column][vc_custom_heading source=\u00bbpost_title\u00bb font_container=\u00bbtag:h3|font_size:18px|text_align:left\u00bb use_theme_fonts=\u00bbyes\u00bb el_class=\u00bbtitol-post-custom\u00bb][vc_column_text]<\/p>\n<div>Material docente de la asignatura\u00a0<i>\u00c9tica aplicada a la educaci\u00f3n social<\/i>\u00a0que se imparte en la Universitat Oberta de Catalunya. En este tema, de 32 p\u00e1ginas, se aborda la cuesti\u00f3n de la intimidad y los deberes de confidencialidad y secreto profesional.<\/div>\n<div><\/div>\n<div>\u00cdndice: 1. Fundamentos de la intimidad y de la confidencialidad. 2. Consentimiento informado y tratamiento de datos personales. 3. Los niveles de confidencialidad y de secreto profesional: una teor\u00eda de esferas conc\u00e9ntricas. 4. El conflicto entre guardar o revelar secretos profesionales. 5. Art\u00edculos b\u00e1sicos de nuestro ordenamiento deontol\u00f3gico y jur\u00eddico. Notas.<\/div>\n<div><\/div>\n<div>Este tema fue substituido por una nueva versi\u00f3n publicada en 2020.<\/div>\n<p>[\/vc_column_text][\/vc_column][\/vc_row]<\/p>\n<\/div>","protected":false},"excerpt":{"rendered":"<div>Material docente de la asignatura\u00a0<i>\u00c9tica aplicada a la educaci\u00f3n social<\/i>\u00a0que se imparte en la Universitat Oberta de Catalunya. En este tema, de 32 p\u00e1ginas, se aborda la cuesti\u00f3n de la intimidad y los deberes de confidencialidad y secreto profesional.<\/div>\n<div><\/div>\n<div>\u00cdndice: 1. Fundamentos de la intimidad y de la confidencialidad. 2. Consentimiento informado y tratamiento de datos personales. 3. Los niveles de confidencialidad y de secreto profesional: una teor\u00eda de esferas conc\u00e9ntricas. 4. El conflicto entre guardar o revelar secretos profesionales. 5. Art\u00edculos b\u00e1sicos de nuestro ordenamiento deontol\u00f3gico y jur\u00eddico. Notas.<\/div>\n<div><\/div>\n<div>Este tema fue substituido por una nueva versi\u00f3n publicada en 2020.<\/div>\n","protected":false},"author":8,"featured_media":8142,"comment_status":"closed","ping_status":"closed","sticky":false,"template":"","format":"standard","meta":{"_acf_changed":false,"footnotes":""},"categories":[556],"tags":[460],"ambit":[650],"tema":[642],"class_list":["post-8145","post","type-post","status-publish","format-standard","has-post-thumbnail","hentry","category-publicaciones","tag-intimidad","ambit-servicios-sociales","tema-intimidad"],"acf":[],"_links":{"self":[{"href":"https:\/\/canimas.eu\/es\/wp-json\/wp\/v2\/posts\/8145","targetHints":{"allow":["GET"]}}],"collection":[{"href":"https:\/\/canimas.eu\/es\/wp-json\/wp\/v2\/posts"}],"about":[{"href":"https:\/\/canimas.eu\/es\/wp-json\/wp\/v2\/types\/post"}],"author":[{"embeddable":true,"href":"https:\/\/canimas.eu\/es\/wp-json\/wp\/v2\/users\/8"}],"replies":[{"embeddable":true,"href":"https:\/\/canimas.eu\/es\/wp-json\/wp\/v2\/comments?post=8145"}],"version-history":[{"count":0,"href":"https:\/\/canimas.eu\/es\/wp-json\/wp\/v2\/posts\/8145\/revisions"}],"wp:featuredmedia":[{"embeddable":true,"href":"https:\/\/canimas.eu\/es\/wp-json\/wp\/v2\/media\/8142"}],"wp:attachment":[{"href":"https:\/\/canimas.eu\/es\/wp-json\/wp\/v2\/media?parent=8145"}],"wp:term":[{"taxonomy":"category","embeddable":true,"href":"https:\/\/canimas.eu\/es\/wp-json\/wp\/v2\/categories?post=8145"},{"taxonomy":"post_tag","embeddable":true,"href":"https:\/\/canimas.eu\/es\/wp-json\/wp\/v2\/tags?post=8145"},{"taxonomy":"ambit","embeddable":true,"href":"https:\/\/canimas.eu\/es\/wp-json\/wp\/v2\/ambit?post=8145"},{"taxonomy":"tema","embeddable":true,"href":"https:\/\/canimas.eu\/es\/wp-json\/wp\/v2\/tema?post=8145"}],"curies":[{"name":"wp","href":"https:\/\/api.w.org\/{rel}","templated":true}]}}