{"id":8190,"date":"2017-01-01T13:18:02","date_gmt":"2017-01-01T12:18:02","guid":{"rendered":"https:\/\/www.canimas.eu\/?p=8190"},"modified":"2025-05-21T12:12:47","modified_gmt":"2025-05-21T10:12:47","slug":"canimas-brugue-j-2017-cuestiones-de-la-filosofia-moral-que-es-necesario-conocer-recurso-de-aprendizaje-textual-fundacio-universitat-oberta-de-catalunya-fuoc","status":"publish","type":"post","link":"https:\/\/canimas.eu\/es\/canimas-brugue-j-2017-cuestiones-de-la-filosofia-moral-que-es-necesario-conocer-recurso-de-aprendizaje-textual-fundacio-universitat-oberta-de-catalunya-fuoc\/","title":{"rendered":"Canimas Brugu\u00e9, J. (2017): Cuestiones de la filosof\u00eda moral que es necesario conocer, [recurso de aprendizaje textual]. Fundaci\u00f3 Universitat Oberta de Catalunya (FUOC)"},"content":{"rendered":"<div class=\"wpb-content-wrapper\"><p>[vc_row][vc_column][vc_custom_heading source=\u00bbpost_title\u00bb font_container=\u00bbtag:h3|font_size:18px|text_align:left\u00bb use_theme_fonts=\u00bbyes\u00bb el_class=\u00bbtitol-post-custom\u00bb][vc_column_text]<\/p>\n<div>Material docente de la asignatura\u00a0<i>\u00c9tica aplicada a la educaci\u00f3n social<\/i>\u00a0que se imparte en la Universitat Oberta de Catalunya. En este tema, de 38 p\u00e1ginas, se presentan los conceptos y cuestiones b\u00e1sicas que la filosof\u00eda moral y otras disciplinas ofrecen para el an\u00e1lisis de problem\u00e1ticas \u00e9ticas de la pr\u00e1ctica profesional.<\/div>\n<div><\/div>\n<div>\u00cdndice: Introducci\u00f3n. 1. \u00c9tica y moral. 2. Dogmatismo, naturalismo, relativismo, escepticismo y perspectivismo. 3. Moral de m\u00ednimos y m\u00e1ximos. 4. Principios\u00a0<i>prima facie<\/i>\u00a0y derechos absolutos. 5. Antinomias jur\u00eddicas. 6. Cuatro principios de la bio\u00e9tica: autonom\u00eda, no maleficencia, beneficencia y justicia. 7. Las principales falacias. Notas.<\/div>\n<div><\/div>\n<blockquote>\n<div><a href=\"https:\/\/openaccess.uoc.edu\/bitstream\/10609\/140387\/7\/Etica%20aplicada%20a%20la%20educacion%20social_Modulo2_Cuestiones%20de%20la%20filosofi%C2%BFa%20moral%20que%20es%20necesario%20conocer.pdf\" target=\"_blank\" rel=\"noopener\">Ver documento<\/a><\/div>\n<\/blockquote>\n<p>[\/vc_column_text][\/vc_column][\/vc_row]<\/p>\n<\/div>","protected":false},"excerpt":{"rendered":"<div>Material docente de la asignatura\u00a0<i>\u00c9tica aplicada a la educaci\u00f3n social<\/i>\u00a0que se imparte en la Universitat Oberta de Catalunya. En este tema, de 38 p\u00e1ginas, se presentan los conceptos y cuestiones b\u00e1sicas que la filosof\u00eda moral y otras disciplinas ofrecen para el an\u00e1lisis de problem\u00e1ticas \u00e9ticas de la pr\u00e1ctica profesional.<\/div>\n<div><\/div>\n<div>\u00cdndice: Introducci\u00f3n. 1. \u00c9tica y moral. 2. Dogmatismo, naturalismo, relativismo, escepticismo y perspectivismo. 3. Moral de m\u00ednimos y m\u00e1ximos. 4. Principios\u00a0<i>prima facie<\/i>\u00a0y derechos absolutos. 5. Antinomias jur\u00eddicas. 6. Cuatro principios de la bio\u00e9tica: autonom\u00eda, no maleficencia, beneficencia y justicia. 7. Las principales falacias. Notas.<\/div>\n<blockquote><p><a href=\"https:\/\/openaccess.uoc.edu\/bitstream\/10609\/140387\/7\/Etica%20aplicada%20a%20la%20educacion%20social_Modulo2_Cuestiones%20de%20la%20filosofi%C2%BFa%20moral%20que%20es%20necesario%20conocer.pdf\" target=\"_blank\" rel=\"noopener\">Ver documento<\/a><\/p><\/blockquote>\n","protected":false},"author":8,"featured_media":8184,"comment_status":"closed","ping_status":"closed","sticky":false,"template":"","format":"standard","meta":{"_acf_changed":false,"footnotes":""},"categories":[556],"tags":[454],"ambit":[650],"tema":[649],"class_list":["post-8190","post","type-post","status-publish","format-standard","has-post-thumbnail","hentry","category-publicaciones","tag-etica-general","ambit-servicios-sociales","tema-etica-general-es"],"acf":[],"_links":{"self":[{"href":"https:\/\/canimas.eu\/es\/wp-json\/wp\/v2\/posts\/8190","targetHints":{"allow":["GET"]}}],"collection":[{"href":"https:\/\/canimas.eu\/es\/wp-json\/wp\/v2\/posts"}],"about":[{"href":"https:\/\/canimas.eu\/es\/wp-json\/wp\/v2\/types\/post"}],"author":[{"embeddable":true,"href":"https:\/\/canimas.eu\/es\/wp-json\/wp\/v2\/users\/8"}],"replies":[{"embeddable":true,"href":"https:\/\/canimas.eu\/es\/wp-json\/wp\/v2\/comments?post=8190"}],"version-history":[{"count":0,"href":"https:\/\/canimas.eu\/es\/wp-json\/wp\/v2\/posts\/8190\/revisions"}],"wp:featuredmedia":[{"embeddable":true,"href":"https:\/\/canimas.eu\/es\/wp-json\/wp\/v2\/media\/8184"}],"wp:attachment":[{"href":"https:\/\/canimas.eu\/es\/wp-json\/wp\/v2\/media?parent=8190"}],"wp:term":[{"taxonomy":"category","embeddable":true,"href":"https:\/\/canimas.eu\/es\/wp-json\/wp\/v2\/categories?post=8190"},{"taxonomy":"post_tag","embeddable":true,"href":"https:\/\/canimas.eu\/es\/wp-json\/wp\/v2\/tags?post=8190"},{"taxonomy":"ambit","embeddable":true,"href":"https:\/\/canimas.eu\/es\/wp-json\/wp\/v2\/ambit?post=8190"},{"taxonomy":"tema","embeddable":true,"href":"https:\/\/canimas.eu\/es\/wp-json\/wp\/v2\/tema?post=8190"}],"curies":[{"name":"wp","href":"https:\/\/api.w.org\/{rel}","templated":true}]}}