{"id":9294,"date":"1425-08-08T13:19:41","date_gmt":"1425-08-08T13:34:25","guid":{"rendered":"https:\/\/canimas.eu\/reflexions-sobre-letica-en-les-professions-dajuda\/"},"modified":"1425-08-08T13:19:41","modified_gmt":"1425-08-08T13:34:25","slug":"reflexions-sobre-letica-en-les-professions-dajuda","status":"publish","type":"post","link":"https:\/\/canimas.eu\/es\/reflexions-sobre-letica-en-les-professions-dajuda\/","title":{"rendered":"Reflexiones sobre la \u00e9tica en las profesiones de ayuda"},"content":{"rendered":"<div class=\"\"><span class=\"\" style=\"font-size: small;\"><span class=\"\">Conferencia inscrita en la \u00ab<strong>X<\/strong><\/span><strong><span class=\"\">\u00a0<\/span><span class=\"\">Jornada orientada a tutoras y tutores de los centros de pr\u00e1cticas y a profesorado de los estudios de los grados en Educaci\u00f3n social de tutores y tutoras de pr\u00e0cticas<\/span><span class=\"\"> de los<\/span><\/strong><span class=\"\"><strong> grados en Educaci\u00f3n social, Pedagogia, Psicologia y Trabajo social\u00bb<\/strong> organizada por<\/span><span class=\"\"> la Universitat de Girona.<\/span><\/span><\/div>\n<div><\/div>\n<div class=\"\"><a href=\"https:\/\/canimas.eu\/wp-content\/uploads\/2025\/08\/conferencies-2025-Reflexions-sobre-letica-en-les-professions-dajuda-UdG.pdf\"><span class=\"\" style=\"font-size: small;\"><span class=\"\">Ver programa<\/span><\/span><\/a><\/div>\n","protected":false},"excerpt":{"rendered":"<p>Conferencia inscrita en la \u00abX\u00a0Jornada orientada a tutoras y tutores de los centros de pr\u00e1cticas y a profesorado de los estudios de los grados en Educaci\u00f3n social de tutores y tutoras de pr\u00e0cticas de los grados en Educaci\u00f3n social, Pedagogia, Psicologia y Trabajo social\u00bb organizada por la Universitat de Girona.<\/p>\n<p>Ver programa<\/p>\n","protected":false},"author":8,"featured_media":9293,"comment_status":"closed","ping_status":"closed","sticky":false,"template":"","format":"standard","meta":{"_acf_changed":false,"footnotes":""},"categories":[431],"tags":[],"ambit":[665],"tema":[649],"class_list":["post-9294","post","type-post","status-publish","format-standard","has-post-thumbnail","hentry","category-conferencia","ambit-interambito","tema-etica-general-es"],"acf":[],"_links":{"self":[{"href":"https:\/\/canimas.eu\/es\/wp-json\/wp\/v2\/posts\/9294","targetHints":{"allow":["GET"]}}],"collection":[{"href":"https:\/\/canimas.eu\/es\/wp-json\/wp\/v2\/posts"}],"about":[{"href":"https:\/\/canimas.eu\/es\/wp-json\/wp\/v2\/types\/post"}],"author":[{"embeddable":true,"href":"https:\/\/canimas.eu\/es\/wp-json\/wp\/v2\/users\/8"}],"replies":[{"embeddable":true,"href":"https:\/\/canimas.eu\/es\/wp-json\/wp\/v2\/comments?post=9294"}],"version-history":[{"count":0,"href":"https:\/\/canimas.eu\/es\/wp-json\/wp\/v2\/posts\/9294\/revisions"}],"wp:featuredmedia":[{"embeddable":true,"href":"https:\/\/canimas.eu\/es\/wp-json\/wp\/v2\/media\/9293"}],"wp:attachment":[{"href":"https:\/\/canimas.eu\/es\/wp-json\/wp\/v2\/media?parent=9294"}],"wp:term":[{"taxonomy":"category","embeddable":true,"href":"https:\/\/canimas.eu\/es\/wp-json\/wp\/v2\/categories?post=9294"},{"taxonomy":"post_tag","embeddable":true,"href":"https:\/\/canimas.eu\/es\/wp-json\/wp\/v2\/tags?post=9294"},{"taxonomy":"ambit","embeddable":true,"href":"https:\/\/canimas.eu\/es\/wp-json\/wp\/v2\/ambit?post=9294"},{"taxonomy":"tema","embeddable":true,"href":"https:\/\/canimas.eu\/es\/wp-json\/wp\/v2\/tema?post=9294"}],"curies":[{"name":"wp","href":"https:\/\/api.w.org\/{rel}","templated":true}]}}