{"id":9392,"date":"2025-05-03T13:09:18","date_gmt":"2025-05-03T11:09:18","guid":{"rendered":"https:\/\/canimas.eu\/la-importancia-de-la-intimitat-en-el-treball-social\/"},"modified":"2025-10-20T13:16:50","modified_gmt":"2025-10-20T11:16:50","slug":"la-importancia-de-la-intimitat-en-el-treball-social","status":"publish","type":"post","link":"https:\/\/canimas.eu\/es\/la-importancia-de-la-intimitat-en-el-treball-social\/","title":{"rendered":"La importancia de la intimidad en el Trabajo Social"},"content":{"rendered":"<div class=\"\">Conferencia en el marco del <strong>VI Seminario T\u00e9cnico de \u00c9tica, deontolog\u00eda y pr\u00e1ctica del Trabajo Social. Coordinaci\u00f3n, confidencialidad y secreto profesional<\/strong>. Organitzado por el \u00abColegio Profesional de Trabajo Social de Arag\u00f3n\u00bb el 23 mayo 2025 en Zaragoza.<\/div>\n<div><\/div>\n<div><a href=\"https:\/\/canimas.eu\/wp-content\/uploads\/2025\/10\/2025.05.23-Programa-VI-Seminario-Etica-Zaragoza_compressed.pdf\">Ver programa<\/a><\/div>\n<div class=\"\"><\/div>\n<div class=\"\"><\/div>\n","protected":false},"excerpt":{"rendered":"<p>Conferencia en el marco del VI Seminario T\u00e9cnico de \u00c9tica, deontolog\u00eda y pr\u00e1ctica del Trabajo Social. Coordinaci\u00f3n, confidencialidad y secreto profesional. Organitzado por el \u00abColegio Profesional de Trabajo Social de Arag\u00f3n\u00bb el 23 mayo 2025 en Zaragoza.<\/p>\n<p>Ver programa<\/p>\n","protected":false},"author":8,"featured_media":9389,"comment_status":"closed","ping_status":"closed","sticky":false,"template":"","format":"standard","meta":{"_acf_changed":false,"footnotes":""},"categories":[431],"tags":[],"ambit":[650],"tema":[642],"class_list":["post-9392","post","type-post","status-publish","format-standard","has-post-thumbnail","hentry","category-conferencia","ambit-servicios-sociales","tema-intimidad"],"acf":[],"_links":{"self":[{"href":"https:\/\/canimas.eu\/es\/wp-json\/wp\/v2\/posts\/9392","targetHints":{"allow":["GET"]}}],"collection":[{"href":"https:\/\/canimas.eu\/es\/wp-json\/wp\/v2\/posts"}],"about":[{"href":"https:\/\/canimas.eu\/es\/wp-json\/wp\/v2\/types\/post"}],"author":[{"embeddable":true,"href":"https:\/\/canimas.eu\/es\/wp-json\/wp\/v2\/users\/8"}],"replies":[{"embeddable":true,"href":"https:\/\/canimas.eu\/es\/wp-json\/wp\/v2\/comments?post=9392"}],"version-history":[{"count":2,"href":"https:\/\/canimas.eu\/es\/wp-json\/wp\/v2\/posts\/9392\/revisions"}],"predecessor-version":[{"id":9394,"href":"https:\/\/canimas.eu\/es\/wp-json\/wp\/v2\/posts\/9392\/revisions\/9394"}],"wp:featuredmedia":[{"embeddable":true,"href":"https:\/\/canimas.eu\/es\/wp-json\/wp\/v2\/media\/9389"}],"wp:attachment":[{"href":"https:\/\/canimas.eu\/es\/wp-json\/wp\/v2\/media?parent=9392"}],"wp:term":[{"taxonomy":"category","embeddable":true,"href":"https:\/\/canimas.eu\/es\/wp-json\/wp\/v2\/categories?post=9392"},{"taxonomy":"post_tag","embeddable":true,"href":"https:\/\/canimas.eu\/es\/wp-json\/wp\/v2\/tags?post=9392"},{"taxonomy":"ambit","embeddable":true,"href":"https:\/\/canimas.eu\/es\/wp-json\/wp\/v2\/ambit?post=9392"},{"taxonomy":"tema","embeddable":true,"href":"https:\/\/canimas.eu\/es\/wp-json\/wp\/v2\/tema?post=9392"}],"curies":[{"name":"wp","href":"https:\/\/api.w.org\/{rel}","templated":true}]}}