{"id":9584,"date":"2025-12-21T11:57:03","date_gmt":"2025-12-21T10:57:03","guid":{"rendered":"https:\/\/canimas.eu\/seminari-sobre-latencio-sanitaria-a-persones-amb-grans-necessitats-de-suport-desafiaments-etics-i-interpretacio-vital\/"},"modified":"2026-01-21T11:57:03","modified_gmt":"2026-01-21T10:57:03","slug":"seminari-sobre-latencio-sanitaria-a-persones-amb-grans-necessitats-de-suport-desafiaments-etics-i-interpretacio-vital","status":"publish","type":"post","link":"https:\/\/canimas.eu\/es\/seminari-sobre-latencio-sanitaria-a-persones-amb-grans-necessitats-de-suport-desafiaments-etics-i-interpretacio-vital\/","title":{"rendered":"Seminario sobre la atenci\u00f3n sanitaria a personas con grandes necesidades de apoyo: desafios \u00e9ticos e interpretaci\u00f3n vital"},"content":{"rendered":"<p>Este Seminario quiere ser un espacio de reflexi\u00f3n, di\u00e1logo y profundizamiento destinado a professionales del \u00e1mbito social y sanitario, equipos de apoyo, responsables de servicios y personas interesadas en la \u00e9tica<br \/>\naplicada al acompa\u00f1amiento, a trav\u00e9s de un documento propuesto. 12 de diciembre de 2025, Barcelona.<\/p>\n<p><a href=\"https:\/\/canimas.eu\/wp-content\/uploads\/2025\/11\/agenda-12-des-25-Programa-Seminari-detica-i-interpretacio-vital-Fundacio-Pere-Mitjans_compressed.pdf\">Ver programa<\/a><\/p>\n<p>&nbsp;<\/p>\n","protected":false},"excerpt":{"rendered":"<p>Este Seminario quiere ser un espacio de reflexi\u00f3n, di\u00e1logo y profundizamiento destinado a professionales del \u00e1mbito social y sanitario, equipos de apoyo, responsables de servicios y personas interesadas en la \u00e9tica<br \/>\naplicada al acompa\u00f1amiento, a trav\u00e9s de un documento propuesto. 12 de diciembre de 2025, Barcelona.<\/p>\n<p><a href=\"https:\/\/canimas.eu\/wp-content\/uploads\/2025\/11\/agenda-12-des-25-Programa-Seminari-detica-i-interpretacio-vital-Fundacio-Pere-Mitjans_compressed.pdf\">Ver programa<\/a><\/p>\n","protected":false},"author":8,"featured_media":9582,"comment_status":"closed","ping_status":"closed","sticky":false,"template":"","format":"standard","meta":{"_acf_changed":false,"footnotes":""},"categories":[682],"tags":[],"ambit":[655],"tema":[640],"class_list":["post-9584","post","type-post","status-publish","format-standard","has-post-thumbnail","hentry","category-seminari","ambit-diversidad-funcional","tema-hospitalidad-buen-trato-cuidado"],"acf":[],"_links":{"self":[{"href":"https:\/\/canimas.eu\/es\/wp-json\/wp\/v2\/posts\/9584","targetHints":{"allow":["GET"]}}],"collection":[{"href":"https:\/\/canimas.eu\/es\/wp-json\/wp\/v2\/posts"}],"about":[{"href":"https:\/\/canimas.eu\/es\/wp-json\/wp\/v2\/types\/post"}],"author":[{"embeddable":true,"href":"https:\/\/canimas.eu\/es\/wp-json\/wp\/v2\/users\/8"}],"replies":[{"embeddable":true,"href":"https:\/\/canimas.eu\/es\/wp-json\/wp\/v2\/comments?post=9584"}],"version-history":[{"count":0,"href":"https:\/\/canimas.eu\/es\/wp-json\/wp\/v2\/posts\/9584\/revisions"}],"wp:featuredmedia":[{"embeddable":true,"href":"https:\/\/canimas.eu\/es\/wp-json\/wp\/v2\/media\/9582"}],"wp:attachment":[{"href":"https:\/\/canimas.eu\/es\/wp-json\/wp\/v2\/media?parent=9584"}],"wp:term":[{"taxonomy":"category","embeddable":true,"href":"https:\/\/canimas.eu\/es\/wp-json\/wp\/v2\/categories?post=9584"},{"taxonomy":"post_tag","embeddable":true,"href":"https:\/\/canimas.eu\/es\/wp-json\/wp\/v2\/tags?post=9584"},{"taxonomy":"ambit","embeddable":true,"href":"https:\/\/canimas.eu\/es\/wp-json\/wp\/v2\/ambit?post=9584"},{"taxonomy":"tema","embeddable":true,"href":"https:\/\/canimas.eu\/es\/wp-json\/wp\/v2\/tema?post=9584"}],"curies":[{"name":"wp","href":"https:\/\/api.w.org\/{rel}","templated":true}]}}