{"id":9641,"date":"2025-11-13T12:15:21","date_gmt":"2025-11-13T11:15:21","guid":{"rendered":"https:\/\/canimas.eu\/materials-i-casos-per-aprendre-letica-aplicada-abans-i-despres-de-la-ia\/"},"modified":"2026-01-30T12:33:41","modified_gmt":"2026-01-30T11:33:41","slug":"materials-i-casos-per-aprendre-letica-aplicada-abans-i-despres-de-la-ia","status":"publish","type":"post","link":"https:\/\/canimas.eu\/es\/materials-i-casos-per-aprendre-letica-aplicada-abans-i-despres-de-la-ia\/","title":{"rendered":"Materials i casos per aprendre l&#8217;\u00e8tica aplicada. Abans i despr\u00e9s de la IA"},"content":{"rendered":"<p>Conferencia inscrita en el SEMINARIO DE FORMACI\u00d3N DOCENTE: \u00abFonaments literaris, comprensi\u00f3 i pensament. Estrat\u00e8gies, activitats i recursos d\u2019aprenentatge aut\u00f2nom\u00bb organizado por la Facultat d&#8217;educaci\u00f3 de la Universitat de Barcelona. 13 de noviembre 2025, Barcelona.<\/p>\n<p><a href=\"https:\/\/canimas.eu\/wp-content\/uploads\/2025\/10\/Seminari_fonaments_literaris_comprensio_pensament_compressed.pdf\"><strong>programa <\/strong><\/a><\/p>\n<p>&nbsp;<\/p>\n","protected":false},"excerpt":{"rendered":"<p>Conferencia inscrita en el SEMINARIO DE FORMACI\u00d3N DOCENTE: \u00abFonaments literaris, comprensi\u00f3 i pensament. Estrat\u00e8gies, activitats i recursos d\u2019aprenentatge aut\u00f2nom\u00bb organizado por la Facultat d&#8217;educaci\u00f3 de la Universitat de Barcelona. 13 de noviembre 2025, Barcelona.<\/p>\n<p>programa<\/p>\n","protected":false},"author":8,"featured_media":9637,"comment_status":"closed","ping_status":"closed","sticky":false,"template":"","format":"standard","meta":{"_acf_changed":false,"footnotes":""},"categories":[431,682],"tags":[],"ambit":[654],"tema":[],"class_list":["post-9641","post","type-post","status-publish","format-standard","has-post-thumbnail","hentry","category-conferencia","category-seminari","ambit-educacion"],"acf":[],"_links":{"self":[{"href":"https:\/\/canimas.eu\/es\/wp-json\/wp\/v2\/posts\/9641","targetHints":{"allow":["GET"]}}],"collection":[{"href":"https:\/\/canimas.eu\/es\/wp-json\/wp\/v2\/posts"}],"about":[{"href":"https:\/\/canimas.eu\/es\/wp-json\/wp\/v2\/types\/post"}],"author":[{"embeddable":true,"href":"https:\/\/canimas.eu\/es\/wp-json\/wp\/v2\/users\/8"}],"replies":[{"embeddable":true,"href":"https:\/\/canimas.eu\/es\/wp-json\/wp\/v2\/comments?post=9641"}],"version-history":[{"count":1,"href":"https:\/\/canimas.eu\/es\/wp-json\/wp\/v2\/posts\/9641\/revisions"}],"predecessor-version":[{"id":9642,"href":"https:\/\/canimas.eu\/es\/wp-json\/wp\/v2\/posts\/9641\/revisions\/9642"}],"wp:featuredmedia":[{"embeddable":true,"href":"https:\/\/canimas.eu\/es\/wp-json\/wp\/v2\/media\/9637"}],"wp:attachment":[{"href":"https:\/\/canimas.eu\/es\/wp-json\/wp\/v2\/media?parent=9641"}],"wp:term":[{"taxonomy":"category","embeddable":true,"href":"https:\/\/canimas.eu\/es\/wp-json\/wp\/v2\/categories?post=9641"},{"taxonomy":"post_tag","embeddable":true,"href":"https:\/\/canimas.eu\/es\/wp-json\/wp\/v2\/tags?post=9641"},{"taxonomy":"ambit","embeddable":true,"href":"https:\/\/canimas.eu\/es\/wp-json\/wp\/v2\/ambit?post=9641"},{"taxonomy":"tema","embeddable":true,"href":"https:\/\/canimas.eu\/es\/wp-json\/wp\/v2\/tema?post=9641"}],"curies":[{"name":"wp","href":"https:\/\/api.w.org\/{rel}","templated":true}]}}