{"id":9671,"date":"2023-11-15T10:42:14","date_gmt":"2023-11-15T09:42:14","guid":{"rendered":"https:\/\/canimas.eu\/presentacio-dels-principals-canvis-que-comporta-la-llei-de-mesures-de-suport-i-implicacions-etiques-daquesta\/"},"modified":"2023-11-15T10:42:14","modified_gmt":"2023-11-15T09:42:14","slug":"presentacio-dels-principals-canvis-que-comporta-la-llei-de-mesures-de-suport-i-implicacions-etiques-daquesta","status":"publish","type":"post","link":"https:\/\/canimas.eu\/es\/presentacio-dels-principals-canvis-que-comporta-la-llei-de-mesures-de-suport-i-implicacions-etiques-daquesta\/","title":{"rendered":"Presentaci\u00f3n de los principales cambios que comporta la ley de medidas de apoyo y implicaciones \u00e9ticas de esta"},"content":{"rendered":"<p>Conferencia inscrita en la JORNADA ANUAL DE TRABAJO DEL COMIT\u00c9 DE \u00c9TICA del \u00c1REA DE BIENESTAR CCAE organizada por el Consell Comarcal de l&#8217;Alt Empord\u00e0 y el Comit\u00e8 d&#8217;\u00e8tica aplicada del l&#8217;\u00c0rea de Benestar del Consell Comarcal de l&#8217;Alt Empord\u00e0. 15 noviembre 2023, Castell\u00f3 d&#8217;Emp\u00faries.<\/p>\n<p><a href=\"https:\/\/canimas.eu\/wp-content\/uploads\/2023\/10\/2023.-Novembre.-Jornada-treball-comite-etica-CCAE.jpg\" target=\"_blank\" rel=\"noopener\">Ver programa<\/a><\/p>\n","protected":false},"excerpt":{"rendered":"<p>Conferencia inscrita en la JORNADA ANUAL DE TRABAJO DEL COMIT\u00c9 DE \u00c9TICA del \u00c1REA DE BIENESTAR CCAE organizada por el Consell Comarcal de l&#8217;Alt Empord\u00e0 y el Comit\u00e8 d&#8217;\u00e8tica aplicada del l&#8217;\u00c0rea de Benestar del Consell Comarcal de l&#8217;Alt Empord\u00e0. 15 noviembre 2023, Castell\u00f3 d&#8217;Emp\u00faries.<\/p>\n<p>Ver programa<\/p>\n","protected":false},"author":8,"featured_media":9711,"comment_status":"closed","ping_status":"closed","sticky":false,"template":"","format":"standard","meta":{"_acf_changed":false,"footnotes":""},"categories":[431],"tags":[],"ambit":[650],"tema":[649],"class_list":["post-9671","post","type-post","status-publish","format-standard","has-post-thumbnail","hentry","category-conferencia","ambit-servicios-sociales","tema-etica-general-es"],"acf":[],"_links":{"self":[{"href":"https:\/\/canimas.eu\/es\/wp-json\/wp\/v2\/posts\/9671","targetHints":{"allow":["GET"]}}],"collection":[{"href":"https:\/\/canimas.eu\/es\/wp-json\/wp\/v2\/posts"}],"about":[{"href":"https:\/\/canimas.eu\/es\/wp-json\/wp\/v2\/types\/post"}],"author":[{"embeddable":true,"href":"https:\/\/canimas.eu\/es\/wp-json\/wp\/v2\/users\/8"}],"replies":[{"embeddable":true,"href":"https:\/\/canimas.eu\/es\/wp-json\/wp\/v2\/comments?post=9671"}],"version-history":[{"count":0,"href":"https:\/\/canimas.eu\/es\/wp-json\/wp\/v2\/posts\/9671\/revisions"}],"wp:featuredmedia":[{"embeddable":true,"href":"https:\/\/canimas.eu\/es\/wp-json\/wp\/v2\/media\/9711"}],"wp:attachment":[{"href":"https:\/\/canimas.eu\/es\/wp-json\/wp\/v2\/media?parent=9671"}],"wp:term":[{"taxonomy":"category","embeddable":true,"href":"https:\/\/canimas.eu\/es\/wp-json\/wp\/v2\/categories?post=9671"},{"taxonomy":"post_tag","embeddable":true,"href":"https:\/\/canimas.eu\/es\/wp-json\/wp\/v2\/tags?post=9671"},{"taxonomy":"ambit","embeddable":true,"href":"https:\/\/canimas.eu\/es\/wp-json\/wp\/v2\/ambit?post=9671"},{"taxonomy":"tema","embeddable":true,"href":"https:\/\/canimas.eu\/es\/wp-json\/wp\/v2\/tema?post=9671"}],"curies":[{"name":"wp","href":"https:\/\/api.w.org\/{rel}","templated":true}]}}